{"id":226441,"date":"2025-01-23T20:08:57","date_gmt":"2025-01-23T23:08:57","guid":{"rendered":"https:\/\/diarioregionaldigital.com.br\/?p=226441"},"modified":"2025-01-23T20:08:57","modified_gmt":"2025-01-23T23:08:57","slug":"governo-do-estado-publica-revisao-da-classificacao-de-risco-das-atividades-economicas-para-controle-ambiental","status":"publish","type":"post","link":"https:\/\/diarioregionaldigital.com.br\/?p=226441","title":{"rendered":"Governo do Estado publica revis\u00e3o da classifica\u00e7\u00e3o de risco das atividades econ\u00f4micas para controle ambiental"},"content":{"rendered":"<p>O\u00a0<a href=\"https:\/\/www.mg.gov.br\/\" target=\"_blank\" rel=\"noreferrer noopener\">Governo de Minas<\/a>, por meio do Sistema Estadual de Meio Ambiente e Recursos H\u00eddricos (Sisema), publicou nessa quarta-feira (22\/1) a Resolu\u00e7\u00e3o Conjunta n\u00ba 3.339, que revisa a classifica\u00e7\u00e3o de risco das atividades econ\u00f4micas para fins de controle ambiental exercido pela\u00a0<a href=\"https:\/\/meioambiente.mg.gov.br\/\" target=\"_blank\" rel=\"noreferrer noopener\">Secretaria de Estado de Meio Ambiente e Desenvolvimento Sustent\u00e1vel (Semad)<\/a>,\u00a0<a href=\"https:\/\/www.ief.mg.gov.br\/\" target=\"_blank\" rel=\"noreferrer noopener\">Instituto Estadual de Florestas (IEF)<\/a>,\u00a0<a href=\"https:\/\/igam.mg.gov.br\/\" target=\"_blank\" rel=\"noreferrer noopener\">Instituto Mineiro de Gest\u00e3o das \u00c1guas (Igam)<\/a>\u00a0e\u00a0<a href=\"https:\/\/feam.br\/\" target=\"_blank\" rel=\"noreferrer noopener\">Funda\u00e7\u00e3o Estadual do Meio Ambiente (Feam)<\/a>.<\/p>\n<p>Ao todo, mais de mil c\u00f3digos da Classifica\u00e7\u00e3o Nacional de Atividades Econ\u00f4micas (CNAE) foram classificados como n\u00edvel de risco I (baixo risco), quando \u00e9 dispensada a exig\u00eancia de atos p\u00fablicos de libera\u00e7\u00e3o para opera\u00e7\u00e3o ou funcionamento de atividade.<\/p>\n<p>Um dos c\u00f3digos abrangidos pela Resolu\u00e7\u00e3o \u00e9 o CNAE 1111-9\/01, que trata da fabrica\u00e7\u00e3o de aguardente de cana-de-a\u00e7\u00facar. Anteriormente, a atividade econ\u00f4mica estava classificada como n\u00edvel de risco II ou III (a depender da modalidade) e agora passar\u00e1 a ser n\u00edvel de risco I, desde que a produ\u00e7\u00e3o n\u00e3o seja superior a 300 litros por dia.<\/p>\n<p>A lista de todas as atividades, bem como a \u00edntegra da resolu\u00e7\u00e3o, pode ser\u00a0<a href=\"https:\/\/drive.google.com\/file\/d\/1t4jqNxzkoKDhUd2VJWk20YbI92dgS4sP\/view?usp=sharing\" target=\"_blank\" rel=\"noreferrer noopener\">vista aqui<\/a>.<\/p>\n<p><strong>Avan\u00e7os<\/strong><\/p>\n<p>A primeira classifica\u00e7\u00e3o de risco das atividades econ\u00f4micas para fins de controle ambiental pelo Sisema foi realizada em mar\u00e7o de 2021, com a publica\u00e7\u00e3o da Resolu\u00e7\u00e3o Conjunta Semad\/Feam\/IEF\/Igam n\u00ba 3.063, de 29\/3\/2021, com crit\u00e9rios para enquadramento das atividades econ\u00f4micas em n\u00edvel baixo, m\u00e9dio e alto risco, sendo que os dois \u00faltimos se aplicam quando se sujeitam a algum ato p\u00fablico de libera\u00e7\u00e3o para opera\u00e7\u00e3o ou funcionamento de atividade em que se exige vistoria antes ou depois da emiss\u00e3o do ato.<\/p>\n<p>Em dezembro de 2021, houve a primeira reclassifica\u00e7\u00e3o de risco das atividades econ\u00f4micas, enquadrando mais c\u00f3digos para o N\u00edvel I de risco, estabelecendo condi\u00e7\u00f5es para cada segmento.<\/p>\n<p>No entanto, no ano passado, foi realizado um processo ainda mais amplo de revis\u00e3o das atividades econ\u00f4micas, utilizando-se da mesma metodologia da 1\u00aa revis\u00e3o que estabeleceu condi\u00e7\u00f5es para que a atividade econ\u00f4mica seja considerada n\u00edvel de risco I, resultando na presente Resolu\u00e7\u00e3o Conjunta.<\/p>\n<p>\u201cRessalta-se que toda a revis\u00e3o da classifica\u00e7\u00e3o de risco das atividades econ\u00f4micas foi feita respeitando a legisla\u00e7\u00e3o ambiental, em especial a Delibera\u00e7\u00e3o Normativa Copam n\u00ba 217\/2017, que estabelece crit\u00e9rios para classifica\u00e7\u00e3o, segundo o porte e potencial poluidor\u201d, afirmou a secret\u00e1ria de Estado de Meio Ambiente e Desenvolvimento Sustent\u00e1vel, Mar\u00edlia Melo.<\/p>\n<p>Fonte: Ag\u00eancia Minas<\/p>\n","protected":false},"excerpt":{"rendered":"<p>O\u00a0Governo de Minas, por meio do Sistema Estadual de Meio Ambiente e Recursos H\u00eddricos (Sisema), publicou nessa quarta-feira (22\/1) a Resolu\u00e7\u00e3o Conjunta n\u00ba 3.339, que revisa a classifica\u00e7\u00e3o de risco das atividades econ\u00f4micas para fins de controle ambiental exercido pela\u00a0Secretaria de Estado de Meio Ambiente e Desenvolvimento Sustent\u00e1vel (Semad),\u00a0Instituto Estadual de Florestas (IEF),\u00a0Instituto Mineiro de [&hellip;]<\/p>\n","protected":false},"author":246,"featured_media":226442,"comment_status":"closed","ping_status":"closed","sticky":false,"template":"","format":"standard","meta":{"footnotes":""},"categories":[436,261,254,439],"tags":[],"class_list":["post-226441","post","type-post","status-publish","format-standard","has-post-thumbnail","hentry","category-destaque-da-semana","category-economia","category-politica","category-ultima-hora"],"_links":{"self":[{"href":"https:\/\/diarioregionaldigital.com.br\/index.php?rest_route=\/wp\/v2\/posts\/226441","targetHints":{"allow":["GET"]}}],"collection":[{"href":"https:\/\/diarioregionaldigital.com.br\/index.php?rest_route=\/wp\/v2\/posts"}],"about":[{"href":"https:\/\/diarioregionaldigital.com.br\/index.php?rest_route=\/wp\/v2\/types\/post"}],"author":[{"embeddable":true,"href":"https:\/\/diarioregionaldigital.com.br\/index.php?rest_route=\/wp\/v2\/users\/246"}],"replies":[{"embeddable":true,"href":"https:\/\/diarioregionaldigital.com.br\/index.php?rest_route=%2Fwp%2Fv2%2Fcomments&post=226441"}],"version-history":[{"count":1,"href":"https:\/\/diarioregionaldigital.com.br\/index.php?rest_route=\/wp\/v2\/posts\/226441\/revisions"}],"predecessor-version":[{"id":226443,"href":"https:\/\/diarioregionaldigital.com.br\/index.php?rest_route=\/wp\/v2\/posts\/226441\/revisions\/226443"}],"wp:featuredmedia":[{"embeddable":true,"href":"https:\/\/diarioregionaldigital.com.br\/index.php?rest_route=\/wp\/v2\/media\/226442"}],"wp:attachment":[{"href":"https:\/\/diarioregionaldigital.com.br\/index.php?rest_route=%2Fwp%2Fv2%2Fmedia&parent=226441"}],"wp:term":[{"taxonomy":"category","embeddable":true,"href":"https:\/\/diarioregionaldigital.com.br\/index.php?rest_route=%2Fwp%2Fv2%2Fcategories&post=226441"},{"taxonomy":"post_tag","embeddable":true,"href":"https:\/\/diarioregionaldigital.com.br\/index.php?rest_route=%2Fwp%2Fv2%2Ftags&post=226441"}],"curies":[{"name":"wp","href":"https:\/\/api.w.org\/{rel}","templated":true}]}}