{"id":226418,"date":"2025-01-21T19:52:16","date_gmt":"2025-01-21T22:52:16","guid":{"rendered":"https:\/\/diarioregionaldigital.com.br\/?p=226418"},"modified":"2025-01-21T19:52:16","modified_gmt":"2025-01-21T22:52:16","slug":"governador-empossa-nova-ouvidora-geral-do-estado-de-minas-gerais","status":"publish","type":"post","link":"https:\/\/diarioregionaldigital.com.br\/?p=226418","title":{"rendered":"Governador empossa nova ouvidora-geral do Estado de Minas Gerais"},"content":{"rendered":"<p>O governador Romeu Zema empossou a nova ouvidora-geral do Estado, nesta ter\u00e7a-feira (21\/1), na Cidade Administrativa, em Belo Horizonte. A servidora de carreira Gabriela Siqueira assume a chefia da\u00a0<a href=\"https:\/\/www.ouvidoriageral.mg.gov.br\/\" target=\"_blank\" rel=\"noopener\">Ouvidoria-Geral do Estado de Minas Gerais (OGE\/MG)<\/a>\u00a0no lugar de Simone Deoud, que estava \u00e0 frente da institui\u00e7\u00e3o desde 2019.<\/p>\n<p>O governador Romeu Zema refor\u00e7ou o papel da OGE\/MG para que o\u00a0<a href=\"https:\/\/www.mg.gov.br\/\" target=\"_blank\" rel=\"noopener\">Governo de Minas<\/a>\u00a0possa promover uma gest\u00e3o que v\u00e1 ao encontro do anseio da popula\u00e7\u00e3o.<\/p>\n<table border=\"0\" cellspacing=\"1\" cellpadding=\"1\" align=\"center\">\n<tbody>\n<tr>\n<td colspan=\"5\"><img decoding=\"async\" src=\"https:\/\/www.agenciaminas.mg.gov.br\/ckeditor_assets\/pictures\/20949\/content_2_olho_topo.jpg\" alt=\"\" \/><\/td>\n<\/tr>\n<tr>\n<td><\/td>\n<td colspan=\"3\" rowspan=\"3\">\n<h1><strong>\u200b&#8221;Sempre considerei esta atividade de extrema import\u00e2ncia. Sempre fui adepto de adotar a linha de gest\u00e3o de escutar quem est\u00e1 na linha de frente. Quando voc\u00ea n\u00e3o escuta o que est\u00e1 acontecendo no atendimento ao cidad\u00e3o, voc\u00ea n\u00e3o sabe se est\u00e1 fazendo uma gest\u00e3o adequada e uma administra\u00e7\u00e3o boa&#8221;, disse Romeu Zema.<\/strong><\/h1>\n<\/td>\n<td><\/td>\n<\/tr>\n<tr>\n<td><\/td>\n<td><\/td>\n<\/tr>\n<tr>\n<td><\/td>\n<td><\/td>\n<\/tr>\n<tr>\n<td colspan=\"5\"><img decoding=\"async\" src=\"https:\/\/www.agenciaminas.mg.gov.br\/ckeditor_assets\/pictures\/20950\/content_2_olho_inferior.jpg\" alt=\"\" \/><\/td>\n<\/tr>\n<\/tbody>\n<\/table>\n<p>\u201cDesde o in\u00edcio da nossa gest\u00e3o, fizemos quest\u00e3o de fortalecer a estrutura da ouvidoria e prova disso que a quantidade de manifesta\u00e7\u00f5es dos cidad\u00e3os cresceu muito nos \u00faltimos anos\u201d, destacou o governador.<\/p>\n<p>A Ouvidora-Geral do Estado \u00e9 o canal de interlocu\u00e7\u00e3o entre o cidad\u00e3o mineiro e o Governo de Minas. \u00c9 o \u00f3rg\u00e3o respons\u00e1vel pela fiscaliza\u00e7\u00e3o interna dos servi\u00e7os p\u00fablicos do Estado, com foco principalmente na preven\u00e7\u00e3o e combate \u00e0 corrup\u00e7\u00e3o.<\/p>\n<p>Ao assumir o cargo, Gabriela Siqueira\u00a0se comprometeu a continuar o trabalho que vem sendo realizado pela institui\u00e7\u00e3o.<\/p>\n<table border=\"0\" cellspacing=\"1\" cellpadding=\"1\" align=\"center\">\n<tbody>\n<tr>\n<td colspan=\"5\"><img decoding=\"async\" src=\"https:\/\/www.agenciaminas.mg.gov.br\/ckeditor_assets\/pictures\/20949\/content_2_olho_topo.jpg\" alt=\"\" \/><\/td>\n<\/tr>\n<tr>\n<td><\/td>\n<td colspan=\"3\" rowspan=\"3\">\n<h1><strong>&#8220;A ouvidoria \u00e9 um \u00f3rg\u00e3o muito importante na media\u00e7\u00e3o entre a administra\u00e7\u00e3o p\u00fablica e o cidad\u00e3o mineiro. As minhas decis\u00f5es v\u00e3o ser sempre pautadas na \u00e9tica e no interesse p\u00fablico e ter\u00e3o o objetivo de continuar o trabalho que vem sendo desenvolvido, que \u00e9 de dar voz aos mineiros&#8221;, afirma Gabriela Siqueira.<\/strong><\/h1>\n<\/td>\n<td><\/td>\n<\/tr>\n<tr>\n<td><\/td>\n<td><\/td>\n<\/tr>\n<tr>\n<td><\/td>\n<td><\/td>\n<\/tr>\n<tr>\n<td colspan=\"5\"><img decoding=\"async\" src=\"https:\/\/www.agenciaminas.mg.gov.br\/ckeditor_assets\/pictures\/20950\/content_2_olho_inferior.jpg\" alt=\"\" \/><\/td>\n<\/tr>\n<\/tbody>\n<\/table>\n<p><strong>Curr\u00edculo<\/strong><\/p>\n<p>Gabriela Siqueira \u00e9 formada como Especialista em Pol\u00edtica P\u00fablica e Gest\u00e3o Governamental (EPPGG) pela\u00a0<a href=\"https:\/\/fjp.mg.gov.br\/\" target=\"_blank\" rel=\"noopener\">Funda\u00e7\u00e3o Jo\u00e3o Pinheiro (FJP)<\/a>. Ela tamb\u00e9m \u00e9 bacharel em Psicologia\u00a0pela Universidade Federal de Minas Gerais (UFMG), e se tornou Mestre em Ci\u00eancias Pol\u00edticas, tamb\u00e9m na UFMG, em 2018.<\/p>\n<p>Ela j\u00e1 atuava na OGE desde 2021, onde ocupava o cargo de ouvidora-geral adjunta do Estado.<\/p>\n<p>Fonte: Ag\u00eancia Minas<\/p>\n","protected":false},"excerpt":{"rendered":"<p>O governador Romeu Zema empossou a nova ouvidora-geral do Estado, nesta ter\u00e7a-feira (21\/1), na Cidade Administrativa, em Belo Horizonte. A servidora de carreira Gabriela Siqueira assume a chefia da\u00a0Ouvidoria-Geral do Estado de Minas Gerais (OGE\/MG)\u00a0no lugar de Simone Deoud, que estava \u00e0 frente da institui\u00e7\u00e3o desde 2019. O governador Romeu Zema refor\u00e7ou o papel da [&hellip;]<\/p>\n","protected":false},"author":246,"featured_media":226419,"comment_status":"closed","ping_status":"closed","sticky":false,"template":"","format":"standard","meta":{"footnotes":""},"categories":[436,440,261,254,439],"tags":[],"class_list":["post-226418","post","type-post","status-publish","format-standard","has-post-thumbnail","hentry","category-destaque-da-semana","category-destaques-do-dia","category-economia","category-politica","category-ultima-hora"],"_links":{"self":[{"href":"https:\/\/diarioregionaldigital.com.br\/index.php?rest_route=\/wp\/v2\/posts\/226418","targetHints":{"allow":["GET"]}}],"collection":[{"href":"https:\/\/diarioregionaldigital.com.br\/index.php?rest_route=\/wp\/v2\/posts"}],"about":[{"href":"https:\/\/diarioregionaldigital.com.br\/index.php?rest_route=\/wp\/v2\/types\/post"}],"author":[{"embeddable":true,"href":"https:\/\/diarioregionaldigital.com.br\/index.php?rest_route=\/wp\/v2\/users\/246"}],"replies":[{"embeddable":true,"href":"https:\/\/diarioregionaldigital.com.br\/index.php?rest_route=%2Fwp%2Fv2%2Fcomments&post=226418"}],"version-history":[{"count":1,"href":"https:\/\/diarioregionaldigital.com.br\/index.php?rest_route=\/wp\/v2\/posts\/226418\/revisions"}],"predecessor-version":[{"id":226420,"href":"https:\/\/diarioregionaldigital.com.br\/index.php?rest_route=\/wp\/v2\/posts\/226418\/revisions\/226420"}],"wp:featuredmedia":[{"embeddable":true,"href":"https:\/\/diarioregionaldigital.com.br\/index.php?rest_route=\/wp\/v2\/media\/226419"}],"wp:attachment":[{"href":"https:\/\/diarioregionaldigital.com.br\/index.php?rest_route=%2Fwp%2Fv2%2Fmedia&parent=226418"}],"wp:term":[{"taxonomy":"category","embeddable":true,"href":"https:\/\/diarioregionaldigital.com.br\/index.php?rest_route=%2Fwp%2Fv2%2Fcategories&post=226418"},{"taxonomy":"post_tag","embeddable":true,"href":"https:\/\/diarioregionaldigital.com.br\/index.php?rest_route=%2Fwp%2Fv2%2Ftags&post=226418"}],"curies":[{"name":"wp","href":"https:\/\/api.w.org\/{rel}","templated":true}]}}