{"id":226415,"date":"2025-01-21T19:51:21","date_gmt":"2025-01-21T22:51:21","guid":{"rendered":"https:\/\/diarioregionaldigital.com.br\/?p=226415"},"modified":"2025-01-21T19:51:21","modified_gmt":"2025-01-21T22:51:21","slug":"reparacao-brumadinho-usinas-fotovoltaicas-geram-economia-investimento-e-preservacao-do-meio-ambiente-na-regiao-atingida","status":"publish","type":"post","link":"https:\/\/diarioregionaldigital.com.br\/?p=226415","title":{"rendered":"Repara\u00e7\u00e3o Brumadinho: usinas fotovoltaicas geram economia, investimento e preserva\u00e7\u00e3o do meio ambiente na regi\u00e3o atingida"},"content":{"rendered":"<p>A instala\u00e7\u00e3o de usinas fotovoltaicas est\u00e1 entre as iniciativas executadas por meio do\u00a0<a href=\"https:\/\/www.mg.gov.br\/pro-brumadinho\/pagina\/entenda-o-acordo-judicial-de-reparacao-ao-rompimento-em-brumadinho\" target=\"_blank\" rel=\"noopener\">Acordo de Repara\u00e7\u00e3o<\/a>\u00a0de Brumadinho na regi\u00e3o atingida pelo rompimento das barragens da Vale, em 2019. No \u00faltimo ano, 13 usinas foram instaladas em tr\u00eas destes munic\u00edpios \u2013 oito em Morada Nova de Minas, tr\u00eas em Juatuba e duas em Maravilhas.<\/p>\n<p>Ao todo, est\u00e3o previstas mais de 40 usinas fotovoltaicas, abrangendo dez dos 26 munic\u00edpios atingidos: Biquinhas, Curvelo, Felixl\u00e2ndia, Florestal, Juatuba, Maravilhas, Morada Nova de Minas, Paraopeba, Pomp\u00e9u e S\u00e3o Jos\u00e9 da Varginha.<\/p>\n<p>\u201cUsinas de capta\u00e7\u00e3o de energia solar promovem sustentabilidade, preserva\u00e7\u00e3o do meio ambiente e geram economia para prefeituras, que podem aplicar os recursos em outras atividades. A iniciativa foi priorizada em dez munic\u00edpios e tem um car\u00e1ter regional, deixando um legado na Bacia do Paraopeba como um todo\u201d, destaca o secret\u00e1rio adjunto de\u00a0<a href=\"https:\/\/www.mg.gov.br\/planejamento\" target=\"_blank\" rel=\"noopener\">Planejamento e Gest\u00e3o<\/a>, Lu\u00eds Ot\u00e1vio Milagres de Assis.<\/p>\n<p>Das oito usinas instaladas em Morada Nova de Minas, seis j\u00e1 est\u00e3o em opera\u00e7\u00e3o, sendo todas em pr\u00e9dios p\u00fablicos. Segundo a prefeitura, a economia gerada pelos seis equipamentos j\u00e1 representa uma redu\u00e7\u00e3o de 50% na conta de energia el\u00e9trica do munic\u00edpio, permitindo que esses recursos sejam redirecionados para outras \u00e1reas.<\/p>\n<p>As usinas em Juatuba e Morada Nova de Minas foram instaladas em propriedades privadas de agricultores que participam de programas sociais, como o Programa Municipal de Agricultura Familiar, desenvolvido em parceria com a\u00a0<a href=\"https:\/\/www.emater.mg.gov.br\/\" target=\"_blank\" rel=\"noopener\">Empresa de Assist\u00eancia T\u00e9cnica e Extens\u00e3o Rural do Estado de Minas Gerais (Emater)<\/a>.<\/p>\n<p>A instala\u00e7\u00e3o dessas usinas fortalece a pol\u00edtica p\u00fablica ao aliar gera\u00e7\u00e3o de energia sustent\u00e1vel com o uso respons\u00e1vel e produtivo da terra, beneficiando produtores selecionados com base em crit\u00e9rios t\u00e9cnicos e fortalecendo a integra\u00e7\u00e3o entre desenvolvimento rural e pol\u00edticas p\u00fablicas inclusivas.<\/p>\n<p>Para os pr\u00f3ximos meses, est\u00e1 prevista a instala\u00e7\u00e3o de mais 13 usinas em Juatuba \u2013 sete em propriedades privadas de agricultores participantes de programas sociais e seis em \u00e1reas p\u00fablicas. Em Maravilhas, ser\u00e3o instaladas ao todo dez usinas fotovoltaicas. Duas delas j\u00e1 est\u00e3o conclu\u00eddas.<\/p>\n<p>Os investimentos estimados para as usinas nos tr\u00eas munic\u00edpios s\u00e3o:<\/p>\n<ul>\n<li>Juatuba: R$ 2,4 milh\u00f5es;<\/li>\n<li>Maravilhas: R$ 679 mil;<\/li>\n<li>Morada Nova de Minas: R$ 4,4 milh\u00f5es.<\/li>\n<\/ul>\n<p><strong>Preserva\u00e7\u00e3o ambiental\u00a0<\/strong><\/p>\n<p>Com a implanta\u00e7\u00e3o das mais de 40 usinas fotovoltaicas previstas na regi\u00e3o atingida, que ter\u00e3o capacidade de gera\u00e7\u00e3o de 925.540 kWh\/m\u00eas, espera-se evitar o despejo anual de 5,9 mil toneladas de di\u00f3xido de carbono (tCO\u00b2) na atmosfera. Esse impacto equivale \u00e0 preserva\u00e7\u00e3o de 42 mil \u00e1rvores por ano.<\/p>\n<p>Ao longo da vida \u00fatil das usinas \u2013 estimadas em 25 anos \u2013 projeta-se que 147 mil tCO\u00b2 deixem de ser emitidos, o que corresponde \u00e0 preserva\u00e7\u00e3o de mais de um milh\u00e3o de \u00e1rvores.<\/p>\n<p><strong>Acordo de Repara\u00e7\u00e3o\u00a0<\/strong><\/p>\n<p>A iniciativa de instala\u00e7\u00e3o de usinas fotovoltaicas foi definida a partir da Consulta Popular realizada nos 26 munic\u00edpios atingidos pelo rompimento das barragens da Vale. O rompimento vitimou 272 pessoas e causou diversos danos sociais, econ\u00f4micos e ambientais.<\/p>\n<p>Os recursos para financiar esta iniciativa s\u00e3o Anexo I.3 do Acordo de Repara\u00e7\u00e3o, para a implementa\u00e7\u00e3o de iniciativas socioecon\u00f4micas de fortalecimento do servi\u00e7o p\u00fablico. A execu\u00e7\u00e3o \u00e9 monitorada pela auditoria socioecon\u00f4mica da Funda\u00e7\u00e3o Getulio Vargas (FGV) e pelos compromitentes:\u00a0<a href=\"https:\/\/www.mg.gov.br\/\" target=\"_blank\" rel=\"noopener\">Governo de Minas<\/a>, Minist\u00e9rio P\u00fablico de Minas Gerais (MPMG), Minist\u00e9rio P\u00fablico Federal (MPF) e Defensoria P\u00fablica de Minas Gerais (DPMG).<\/p>\n<p>Fonte: Ag\u00eancia Minas<\/p>\n","protected":false},"excerpt":{"rendered":"<p>A instala\u00e7\u00e3o de usinas fotovoltaicas est\u00e1 entre as iniciativas executadas por meio do\u00a0Acordo de Repara\u00e7\u00e3o\u00a0de Brumadinho na regi\u00e3o atingida pelo rompimento das barragens da Vale, em 2019. No \u00faltimo ano, 13 usinas foram instaladas em tr\u00eas destes munic\u00edpios \u2013 oito em Morada Nova de Minas, tr\u00eas em Juatuba e duas em Maravilhas. Ao todo, est\u00e3o [&hellip;]<\/p>\n","protected":false},"author":246,"featured_media":226416,"comment_status":"closed","ping_status":"closed","sticky":false,"template":"","format":"standard","meta":{"footnotes":""},"categories":[436,440,261,254,439],"tags":[],"class_list":["post-226415","post","type-post","status-publish","format-standard","has-post-thumbnail","hentry","category-destaque-da-semana","category-destaques-do-dia","category-economia","category-politica","category-ultima-hora"],"_links":{"self":[{"href":"https:\/\/diarioregionaldigital.com.br\/index.php?rest_route=\/wp\/v2\/posts\/226415","targetHints":{"allow":["GET"]}}],"collection":[{"href":"https:\/\/diarioregionaldigital.com.br\/index.php?rest_route=\/wp\/v2\/posts"}],"about":[{"href":"https:\/\/diarioregionaldigital.com.br\/index.php?rest_route=\/wp\/v2\/types\/post"}],"author":[{"embeddable":true,"href":"https:\/\/diarioregionaldigital.com.br\/index.php?rest_route=\/wp\/v2\/users\/246"}],"replies":[{"embeddable":true,"href":"https:\/\/diarioregionaldigital.com.br\/index.php?rest_route=%2Fwp%2Fv2%2Fcomments&post=226415"}],"version-history":[{"count":1,"href":"https:\/\/diarioregionaldigital.com.br\/index.php?rest_route=\/wp\/v2\/posts\/226415\/revisions"}],"predecessor-version":[{"id":226417,"href":"https:\/\/diarioregionaldigital.com.br\/index.php?rest_route=\/wp\/v2\/posts\/226415\/revisions\/226417"}],"wp:featuredmedia":[{"embeddable":true,"href":"https:\/\/diarioregionaldigital.com.br\/index.php?rest_route=\/wp\/v2\/media\/226416"}],"wp:attachment":[{"href":"https:\/\/diarioregionaldigital.com.br\/index.php?rest_route=%2Fwp%2Fv2%2Fmedia&parent=226415"}],"wp:term":[{"taxonomy":"category","embeddable":true,"href":"https:\/\/diarioregionaldigital.com.br\/index.php?rest_route=%2Fwp%2Fv2%2Fcategories&post=226415"},{"taxonomy":"post_tag","embeddable":true,"href":"https:\/\/diarioregionaldigital.com.br\/index.php?rest_route=%2Fwp%2Fv2%2Ftags&post=226415"}],"curies":[{"name":"wp","href":"https:\/\/api.w.org\/{rel}","templated":true}]}}