{"id":226412,"date":"2025-01-20T19:50:29","date_gmt":"2025-01-20T22:50:29","guid":{"rendered":"https:\/\/diarioregionaldigital.com.br\/?p=226412"},"modified":"2025-01-20T19:50:29","modified_gmt":"2025-01-20T22:50:29","slug":"confira-a-rota-semanal-dos-agentes-de-combate-a-endemias-pelo-municipio-6","status":"publish","type":"post","link":"https:\/\/diarioregionaldigital.com.br\/?p=226412","title":{"rendered":"Confira a rota semanal dos Agentes de Combate a Endemias pelo munic\u00edpio"},"content":{"rendered":"<p>Segundo informa\u00e7\u00f5es do site da Prefeitura de Juiz de Fora (PJF),\u00a0 seguindo com o trabalho di\u00e1rio de combate ao mosquito Aedes aegypti, a Prefeitura de Juiz de Fora (PJF), por meio dos Agentes de Combate a Endemias (ACE), realiza, entre os dias 20 a 24 de janeiro, rotas de visitas e vistorias a resid\u00eancias e lotes em diversos bairros. As atividades acontecem semanalmente, conforme cronograma definido pela Subsecretaria de Vigil\u00e2ncia em Sa\u00fade (SSVS), da Secretaria de Sa\u00fade (SS).<\/p>\n<p>A PJF solicita o apoio dos moradores na abertura de suas resid\u00eancias para que os profissionais possam realizar o trabalho de tratamento focal. Neste momento, quando a circula\u00e7\u00e3o da dengue diminui, \u00e9 muito importante receber os agentes para evitar que tenhamos crescimento de casos durante o per\u00edodo prop\u00edcio para a reprodu\u00e7\u00e3o do mosquito. \u00c9 importante que os moradores fiquem atentos \u00e0s orienta\u00e7\u00f5es dos agentes e os recebam, visto que a maioria dos focos est\u00e3o dentro das casas. Todos os servidores estar\u00e3o identificados e uniformizados.<\/p>\n<p>No decorrer da visita, sempre acompanhado pelo respons\u00e1vel do im\u00f3vel, o ACE deve orientar e avaliar as situa\u00e7\u00f5es de risco, remanejando e\/ou eliminando os recipientes que possam acumular \u00e1gua e\/ou que n\u00e3o tenham utilidade. O agente dever\u00e1 tratar corretamente com larvicida aqueles recipientes que n\u00e3o puderem ser eliminados. As visitas s\u00e3o feitas na parte externa e interna das resid\u00eancias.<\/p>\n<p><strong>Para ajudar nos trabalhos, a PJF deixa algumas dicas:\u00a0<\/strong><\/p>\n<p>-Sempre verifique os ralos e cisterna, brom\u00e9lias, plantas aqu\u00e1ticas e troncos de \u00e1rvores no jardim;<\/p>\n<p>-Retire os pratinhos das plantas, tampe os tambores com \u00e1gua de chuva;<\/p>\n<p>&#8211; Verifique tamb\u00e9m os banheiros em desuso, as caixas d\u2019\u00e1gua e inspecione o quintal;<\/p>\n<p>&#8211; Descarte o seu lixo corretamente;<\/p>\n<p>&#8211; Mantenha a piscina sempre tratada, mesmo se estiver em desuso.<\/p>\n<p><strong>Rota dos agentes na pr\u00f3xima semana (20\/1 a 24\/1)<\/strong><\/p>\n<p><strong>Regi\u00e3o Oeste<\/strong><\/p>\n<p>Aeroporto<\/p>\n<p>Cidade Universit\u00e1ria<\/p>\n<p>Bosque do Imperador<\/p>\n<p>Santos Dumont<\/p>\n<p>Guadalajara<\/p>\n<p>Borboleta<\/p>\n<p>Martelos<\/p>\n<p>Nossa Senhora de F\u00e1tima<\/p>\n<p>Serro Azul<\/p>\n<p>Jardim Universit\u00e1rio<\/p>\n<p>Jardim Casablanca<\/p>\n<p>Maril\u00e2ndia<\/p>\n<p>Nova Calif\u00f3rnia<\/p>\n<p>Novo Horizonte<\/p>\n<p>Jardim da Serra<\/p>\n<p>Parque S\u00e3o Pedro<\/p>\n<p>Nova Germ\u00e2nia<\/p>\n<p>Chal\u00e9s do Imperador<\/p>\n<p>S\u00e3o Pedro<\/p>\n<p>Vina Del Mar<\/p>\n<p><strong>Ferramenta de den\u00fancias<\/strong><\/p>\n<p>Al\u00e9m de participar ativamente na preven\u00e7\u00e3o contra as arboviroses, a popula\u00e7\u00e3o pode ajudar com den\u00fancias an\u00f4nimas sobre focos do Aedes aegypti em Juiz de Fora e regi\u00e3o. O JF Contra o Aede \u00e9 um sistema em que as pessoas podem realizar den\u00fancias de locais de criadouros do mosquito e tem como finalidade mapear as informa\u00e7\u00f5es das doen\u00e7as causadas pelo mosquito: dengue, zika, febre amarela e chikungunya. A plataforma roda em todas as plataformas: smartphones, tablets, notebooks e computadores e pode ser acessada em qualquer navegador.<\/p>\n<p>A popula\u00e7\u00e3o tamb\u00e9m pode auxiliar no combate por meio de den\u00fancias de poss\u00edveis focos, por meio do WhatsApp, pelo n\u00famero (32) 98432-4608, ou pelo e-mail dengue@pjf.mg.gov.br. Den\u00fancias podem ser feitas, ainda, em qualquer um dos 11 postos do Departamento de Informa\u00e7\u00e3o Geral e Atendimento (Diga) espalhados pelo munic\u00edpio.<\/p>\n<div><\/div>\n","protected":false},"excerpt":{"rendered":"<p>Segundo informa\u00e7\u00f5es do site da Prefeitura de Juiz de Fora (PJF),\u00a0 seguindo com o trabalho di\u00e1rio de combate ao mosquito Aedes aegypti, a Prefeitura de Juiz de Fora (PJF), por meio dos Agentes de Combate a Endemias (ACE), realiza, entre os dias 20 a 24 de janeiro, rotas de visitas e vistorias a resid\u00eancias e [&hellip;]<\/p>\n","protected":false},"author":246,"featured_media":226413,"comment_status":"closed","ping_status":"closed","sticky":false,"template":"","format":"standard","meta":{"footnotes":""},"categories":[253,436,439],"tags":[],"class_list":["post-226412","post","type-post","status-publish","format-standard","has-post-thumbnail","hentry","category-cidade","category-destaque-da-semana","category-ultima-hora"],"_links":{"self":[{"href":"https:\/\/diarioregionaldigital.com.br\/index.php?rest_route=\/wp\/v2\/posts\/226412","targetHints":{"allow":["GET"]}}],"collection":[{"href":"https:\/\/diarioregionaldigital.com.br\/index.php?rest_route=\/wp\/v2\/posts"}],"about":[{"href":"https:\/\/diarioregionaldigital.com.br\/index.php?rest_route=\/wp\/v2\/types\/post"}],"author":[{"embeddable":true,"href":"https:\/\/diarioregionaldigital.com.br\/index.php?rest_route=\/wp\/v2\/users\/246"}],"replies":[{"embeddable":true,"href":"https:\/\/diarioregionaldigital.com.br\/index.php?rest_route=%2Fwp%2Fv2%2Fcomments&post=226412"}],"version-history":[{"count":1,"href":"https:\/\/diarioregionaldigital.com.br\/index.php?rest_route=\/wp\/v2\/posts\/226412\/revisions"}],"predecessor-version":[{"id":226414,"href":"https:\/\/diarioregionaldigital.com.br\/index.php?rest_route=\/wp\/v2\/posts\/226412\/revisions\/226414"}],"wp:featuredmedia":[{"embeddable":true,"href":"https:\/\/diarioregionaldigital.com.br\/index.php?rest_route=\/wp\/v2\/media\/226413"}],"wp:attachment":[{"href":"https:\/\/diarioregionaldigital.com.br\/index.php?rest_route=%2Fwp%2Fv2%2Fmedia&parent=226412"}],"wp:term":[{"taxonomy":"category","embeddable":true,"href":"https:\/\/diarioregionaldigital.com.br\/index.php?rest_route=%2Fwp%2Fv2%2Fcategories&post=226412"},{"taxonomy":"post_tag","embeddable":true,"href":"https:\/\/diarioregionaldigital.com.br\/index.php?rest_route=%2Fwp%2Fv2%2Ftags&post=226412"}],"curies":[{"name":"wp","href":"https:\/\/api.w.org\/{rel}","templated":true}]}}