{"id":226409,"date":"2025-01-20T19:49:26","date_gmt":"2025-01-20T22:49:26","guid":{"rendered":"https:\/\/diarioregionaldigital.com.br\/?p=226409"},"modified":"2025-01-20T19:49:26","modified_gmt":"2025-01-20T22:49:26","slug":"manutencao-para-melhorias-pode-afetar-abastecimento-no-bairu-e-alto-bairu-nesta-quarta-feira-22","status":"publish","type":"post","link":"https:\/\/diarioregionaldigital.com.br\/?p=226409","title":{"rendered":"Manuten\u00e7\u00e3o para melhorias pode afetar abastecimento no Bairu e Alto Bairu nesta quarta-feira (22)"},"content":{"rendered":"<p>Segundo informa\u00e7\u00f5es do site da Prefeitura de Juiz de Fora (PJF), o\u00a0bairro Bairu e parte do Alto Bairu podem ter o abastecimento comprometido nesta quarta-feira (22), em virtude de uma obra da Companhia de Saneamento Municipal (Cesama) para melhoria do sistema. Isso acontece em virtude de uma manuten\u00e7\u00e3o programada na Esta\u00e7\u00e3o Elevat\u00f3ria de \u00c1gua Tratada (EEAT) Alto Bairu, prevista para ser realizada na data, entre 8h e 14h.<\/p>\n<p>A Cesama informa que o abastecimento ser\u00e1 reiniciado assim que o servi\u00e7o estiver conclu\u00eddo, e deve estar normalizado ainda na noite de quarta-feira.<\/p>\n<p>Outras informa\u00e7\u00f5es:<br \/>\n(32) 3692-9179 &#8211; Assessoria de Comunica\u00e7\u00e3o\u00a0da\u00a0Cesama<\/p>\n","protected":false},"excerpt":{"rendered":"<p>Segundo informa\u00e7\u00f5es do site da Prefeitura de Juiz de Fora (PJF), o\u00a0bairro Bairu e parte do Alto Bairu podem ter o abastecimento comprometido nesta quarta-feira (22), em virtude de uma obra da Companhia de Saneamento Municipal (Cesama) para melhoria do sistema. Isso acontece em virtude de uma manuten\u00e7\u00e3o programada na Esta\u00e7\u00e3o Elevat\u00f3ria de \u00c1gua Tratada [&hellip;]<\/p>\n","protected":false},"author":246,"featured_media":226410,"comment_status":"closed","ping_status":"closed","sticky":false,"template":"","format":"standard","meta":{"footnotes":""},"categories":[253,436,439],"tags":[],"class_list":["post-226409","post","type-post","status-publish","format-standard","has-post-thumbnail","hentry","category-cidade","category-destaque-da-semana","category-ultima-hora"],"_links":{"self":[{"href":"https:\/\/diarioregionaldigital.com.br\/index.php?rest_route=\/wp\/v2\/posts\/226409","targetHints":{"allow":["GET"]}}],"collection":[{"href":"https:\/\/diarioregionaldigital.com.br\/index.php?rest_route=\/wp\/v2\/posts"}],"about":[{"href":"https:\/\/diarioregionaldigital.com.br\/index.php?rest_route=\/wp\/v2\/types\/post"}],"author":[{"embeddable":true,"href":"https:\/\/diarioregionaldigital.com.br\/index.php?rest_route=\/wp\/v2\/users\/246"}],"replies":[{"embeddable":true,"href":"https:\/\/diarioregionaldigital.com.br\/index.php?rest_route=%2Fwp%2Fv2%2Fcomments&post=226409"}],"version-history":[{"count":1,"href":"https:\/\/diarioregionaldigital.com.br\/index.php?rest_route=\/wp\/v2\/posts\/226409\/revisions"}],"predecessor-version":[{"id":226411,"href":"https:\/\/diarioregionaldigital.com.br\/index.php?rest_route=\/wp\/v2\/posts\/226409\/revisions\/226411"}],"wp:featuredmedia":[{"embeddable":true,"href":"https:\/\/diarioregionaldigital.com.br\/index.php?rest_route=\/wp\/v2\/media\/226410"}],"wp:attachment":[{"href":"https:\/\/diarioregionaldigital.com.br\/index.php?rest_route=%2Fwp%2Fv2%2Fmedia&parent=226409"}],"wp:term":[{"taxonomy":"category","embeddable":true,"href":"https:\/\/diarioregionaldigital.com.br\/index.php?rest_route=%2Fwp%2Fv2%2Fcategories&post=226409"},{"taxonomy":"post_tag","embeddable":true,"href":"https:\/\/diarioregionaldigital.com.br\/index.php?rest_route=%2Fwp%2Fv2%2Ftags&post=226409"}],"curies":[{"name":"wp","href":"https:\/\/api.w.org\/{rel}","templated":true}]}}