{"id":226397,"date":"2025-01-20T19:43:33","date_gmt":"2025-01-20T22:43:33","guid":{"rendered":"https:\/\/diarioregionaldigital.com.br\/?p=226397"},"modified":"2025-01-20T19:43:33","modified_gmt":"2025-01-20T22:43:33","slug":"familias-de-11-mil-candidatos-eleitos-tem-bolsa-familia-cancelado","status":"publish","type":"post","link":"https:\/\/diarioregionaldigital.com.br\/?p=226397","title":{"rendered":"Fam\u00edlias de 1,1 mil candidatos eleitos t\u00eam Bolsa Fam\u00edlia cancelado"},"content":{"rendered":"<p>As 1.199 fam\u00edlias que t\u00eam, entre seus integrantes, algum candidato eleito em 2024 tiveram os benef\u00edcios do Bolsa Fam\u00edlia e do Aux\u00edlio G\u00e1s cancelados. A medida deve durar enquanto o mandato do familiar estiver em vigor. As fam\u00edlias j\u00e1 foram notificadas sobre o cancelamento. No total, s\u00e3o sete fam\u00edlias de prefeitos, 19 de vice-prefeitos e 1.168 de vereadores que recebiam o Bolsa Fam\u00edlia.<img decoding=\"async\" src=\"https:\/\/agenciabrasil.ebc.com.br\/ebc.png?id=1627169&amp;o=node\" \/><img decoding=\"async\" src=\"https:\/\/agenciabrasil.ebc.com.br\/ebc.gif?id=1627169&amp;o=node\" \/><\/p>\n<p>Pessoas inscritas no Cadastro \u00danico (Cad\u00danico) do governo federal que tenham algum integrante eleito no ano passado tamb\u00e9m n\u00e3o poder\u00e3o solicitar os benef\u00edcios.\u00a0O Minist\u00e9rio do Desenvolvimento e Assist\u00eancia Social (MDS) publicou, nesta sexta-feira (17), instru\u00e7\u00e3o normativa regulamentando a medida.<\/p>\n<p>\u201cSeguindo as regras previstas para acesso ao programa de transfer\u00eancia de renda do Governo Federal, o primeiro pagamento de 2025 do Bolsa Fam\u00edlia, que tem in\u00edcio na pr\u00f3xima segunda-feira (20), retirou da lista de contemplados 1.199 candidatos eleitos nas elei\u00e7\u00f5es municipais de 2024\u201d, diz informe da Secretaria de Comunica\u00e7\u00e3o da Presid\u00eancia da Rep\u00fablica (Secom).<\/p>\n<p>Os integrantes considerados da mesma fam\u00edlia s\u00e3o definidos no momento do cadastro nos programas, considerando aqueles\u00a0que moram no mesmo domic\u00edlio e dividem receitas e\/ou despesas.<\/p>\n<p>\u201cVale destacar que a medida visa aprimorar a destina\u00e7\u00e3o dos recursos e assegurar a focaliza\u00e7\u00e3o do Programa, e n\u00e3o gerar economia, uma vez que os benef\u00edcios devem ser pagos a todos que atendam aos crit\u00e9rios de elegibilidade\u201d, informou o MDS \u00e0\u00a0<strong>Ag\u00eancia Brasil<\/strong>.<\/p>\n<h2>Regra<\/h2>\n<p>O Bolsa Fam\u00edlia \u00e9 pago a quem tem renda de, no m\u00e1ximo, R$ 218 mensais para cada integrante da fam\u00edlia que vive na mesma casa, al\u00e9m de estar inscrito no Cad\u00danico. O cadastramento \u00e9 feito em postos de atendimento da assist\u00eancia social dos munic\u00edpios.<br \/>\nQuem tiver d\u00favidas sobre o Bolsa Fam\u00edlia deve ligar no Disque Social, no n\u00famero 121. Tamb\u00e9m \u00e9 poss\u00edvel acionar o canal de atendimento da Caixa Econ\u00f4mica Federal, por meio do n\u00famero 111. O benefici\u00e1rio pode ainda consultar os aplicativos do Bolsa Fam\u00edlia e da Caixa, dispon\u00edveis para\u00a0<em>download\u00a0<\/em>gratuito nas lojas virtuais.<\/p>\n<div class=\"noticias-relacionadas rel-position rowflex\">\n<div class=\"title abs-position\">Fonte: Ag\u00eancia Brasil<\/div>\n<\/div>\n","protected":false},"excerpt":{"rendered":"<p>As 1.199 fam\u00edlias que t\u00eam, entre seus integrantes, algum candidato eleito em 2024 tiveram os benef\u00edcios do Bolsa Fam\u00edlia e do Aux\u00edlio G\u00e1s cancelados. A medida deve durar enquanto o mandato do familiar estiver em vigor. As fam\u00edlias j\u00e1 foram notificadas sobre o cancelamento. No total, s\u00e3o sete fam\u00edlias de prefeitos, 19 de vice-prefeitos e [&hellip;]<\/p>\n","protected":false},"author":246,"featured_media":226398,"comment_status":"closed","ping_status":"closed","sticky":false,"template":"","format":"standard","meta":{"footnotes":""},"categories":[302,436,261,254,439],"tags":[],"class_list":["post-226397","post","type-post","status-publish","format-standard","has-post-thumbnail","hentry","category-brasil-mundo","category-destaque-da-semana","category-economia","category-politica","category-ultima-hora"],"_links":{"self":[{"href":"https:\/\/diarioregionaldigital.com.br\/index.php?rest_route=\/wp\/v2\/posts\/226397","targetHints":{"allow":["GET"]}}],"collection":[{"href":"https:\/\/diarioregionaldigital.com.br\/index.php?rest_route=\/wp\/v2\/posts"}],"about":[{"href":"https:\/\/diarioregionaldigital.com.br\/index.php?rest_route=\/wp\/v2\/types\/post"}],"author":[{"embeddable":true,"href":"https:\/\/diarioregionaldigital.com.br\/index.php?rest_route=\/wp\/v2\/users\/246"}],"replies":[{"embeddable":true,"href":"https:\/\/diarioregionaldigital.com.br\/index.php?rest_route=%2Fwp%2Fv2%2Fcomments&post=226397"}],"version-history":[{"count":1,"href":"https:\/\/diarioregionaldigital.com.br\/index.php?rest_route=\/wp\/v2\/posts\/226397\/revisions"}],"predecessor-version":[{"id":226399,"href":"https:\/\/diarioregionaldigital.com.br\/index.php?rest_route=\/wp\/v2\/posts\/226397\/revisions\/226399"}],"wp:featuredmedia":[{"embeddable":true,"href":"https:\/\/diarioregionaldigital.com.br\/index.php?rest_route=\/wp\/v2\/media\/226398"}],"wp:attachment":[{"href":"https:\/\/diarioregionaldigital.com.br\/index.php?rest_route=%2Fwp%2Fv2%2Fmedia&parent=226397"}],"wp:term":[{"taxonomy":"category","embeddable":true,"href":"https:\/\/diarioregionaldigital.com.br\/index.php?rest_route=%2Fwp%2Fv2%2Fcategories&post=226397"},{"taxonomy":"post_tag","embeddable":true,"href":"https:\/\/diarioregionaldigital.com.br\/index.php?rest_route=%2Fwp%2Fv2%2Ftags&post=226397"}],"curies":[{"name":"wp","href":"https:\/\/api.w.org\/{rel}","templated":true}]}}