{"id":226384,"date":"2025-01-18T10:33:30","date_gmt":"2025-01-18T13:33:30","guid":{"rendered":"https:\/\/diarioregionaldigital.com.br\/?p=226384"},"modified":"2025-01-18T10:33:30","modified_gmt":"2025-01-18T13:33:30","slug":"a-genetica-contradiz-o-evolucionismo","status":"publish","type":"post","link":"https:\/\/diarioregionaldigital.com.br\/?p=226384","title":{"rendered":"A gen\u00e9tica contradiz o evolucionismo"},"content":{"rendered":"<p>A taxonomia \u00e9 o m\u00e9todo mais utilizado para classifica\u00e7\u00e3o dos seres vivos,<\/p>\n<p>organizado-os em uma hierarquia que categoriza os organismos em diferentes<br \/>\nn\u00edveis da seguinte maneira: Dom\u00ednio, Reino, Filo, Classe, Ordem, Fam\u00edlia, G\u00eanero e<br \/>\nEsp\u00e9cie.<br \/>\nDom\u00ednio \u00e9 a categoria mais abrangente, comporta: Bacteria, Archaea e Eukarya.<br \/>\nDentro de cada dom\u00ednio, os organismos s\u00e3o agrupados em reinos. Por exemplo, no<br \/>\ndom\u00ednio Eukarya, temos os reinos Anim\u00e1lia (animais), Plantae (plantas), Fungi<br \/>\n(fungos) e Protista (protozo\u00e1rios e algas unicelulares). O filo agrupa os organismos<br \/>\nque compartilham caracter\u00edsticas essenciais. Por exemplo, no reino Animalia, temos<br \/>\no filo Chordata, dos vertebrados. Cada filo \u00e9 dividido em classes. Por exemplo,<br \/>\ndentro do filo Chordata, a classe Mammalia comporta os mam\u00edferos.<br \/>\nAs classes dos seres vivos podem variar dependendo do reino em quest\u00e3o.<br \/>\nExemplificando com o caso do Reino Animalia (Animais), tem-se o Mammalia<br \/>\n(Mam\u00edferos): Animais que possuem gl\u00e2ndulas mam\u00e1rias. Exemplos: humanos e<br \/>\nc\u00e3es.<br \/>\nAs classes s\u00e3o subdivididas em ordens. Por exemplo, dentro da classe Mammalia,<br \/>\ntemos a ordem Carnivora, que enreda os animais carn\u00edvoros como os felinos e<br \/>\ncan\u00eddeos. Dentro de cada ordem, os organismos s\u00e3o agrupados em fam\u00edlias. Por<br \/>\nexemplo, na ordem Carnivora, a fam\u00edlia Felidae inclui todos os felinos. As fam\u00edlias<br \/>\nent\u00e3o s\u00e3o divididas em g\u00eaneros. Dentro da fam\u00edlia Felidae, o g\u00eanero Panthera inclui<br \/>\ngrandes felinos como le\u00f5es e tigres. Por fim, a esp\u00e9cie constitui o n\u00edvel mais<br \/>\nespec\u00edfico de classifica\u00e7\u00e3o e refere-se a um grupo de organismos que podem se<br \/>\nreproduzir entre si e gerar descendentes f\u00e9rteis. Um exemplo \u00e9 o le\u00e3o do g\u00eanero<br \/>\nPanthera (Panthera leo).<br \/>\nEssa hierarquia de classifica\u00e7\u00e3o fornece um sistema organizado para estudar e<br \/>\nentender a biodiversidade da vida na Terra. Infelizmente, os livros did\u00e1ticos<br \/>\ncondicionam tal diversidade ao paradigma da evolu\u00e7\u00e3o, subentendendo a opera\u00e7\u00e3o<br \/>\nde uma \u201chierarquia existencial\u201d na qual pressup\u00f5e que os organismos mais<br \/>\nsofisticados s\u00e3o o resultado da complexifica\u00e7\u00e3o dos organismos menos sofisticados.<br \/>\nSegundo esta vis\u00e3o, que \u00e9 dominante por sinal, teria ocorrido diversifica\u00e7\u00e3o por<br \/>\nmeio de muta\u00e7\u00f5es aleat\u00f3rias ao longo de milhares de anos.<br \/>\nEst\u00e1 ideia, canonizada pelo paradigma cient\u00edfico contempor\u00e2neo, contradiz<br \/>\nfrontalmente a gen\u00e9tica desde seus prim\u00f3rdios. Sabe-se que Mendel \u00e9 considerado<br \/>\no pai da gen\u00e9tica, pois ele foi o primeiro a formular e aplicar m\u00e9todos experimentais<br \/>\nrigorosos para estudar a heran\u00e7a de caracter\u00edsticas em organismos, desenvolvendo<br \/>\nas leis fundamentais que descrevem como os genes s\u00e3o transmitidos de uma<br \/>\ngera\u00e7\u00e3o para outra.<br \/>\nCuriosamente, n\u00e3o se d\u00e1 a devida \u00eanfase para o fato de que seus postulados<br \/>\ncontradizem frontalmente o dogma evolutivo quando provou empiricamente a<br \/>\nimpossibilidade de variabilidade gen\u00e9tica para al\u00e9m do espectro das fam\u00edlias.<br \/>\nMendel, com suas cuidadosas cruzas de plantas de ervilha, demonstrou que as<br \/>\nvaria\u00e7\u00f5es observadas se limitam \u00e0 combina\u00e7\u00e3o de alelos existentes, o que implica<br \/>\nnuma limita\u00e7\u00e3o da variabilidade. Isso imp\u00f5e um s\u00e9rio impasse quanto \u00e0 quest\u00e3o de<br \/>\nat\u00e9 que ponto novas caracter\u00edsticas ou adapta\u00e7\u00f5es podem surgir naturalmente.<br \/>\nOs evolucionistas recorrem aos \u201cmilhares de anos\u201d para eclipsar o problema que<br \/>\nn\u00e3o encontra solu\u00e7\u00e3o nas evid\u00eancias emp\u00edricas.<br \/>\nO que temos de dados comprovados \u00e9 que a mudan\u00e7a evolutiva, que depende de<br \/>\nmuta\u00e7\u00f5es raras e imprevis\u00edveis, n\u00e3o coaduna com a estabilidade nas linhagens<br \/>\nfamiliares observada nos experimentos realizados desde Mendel at\u00e9 nossos dias.<br \/>\nOs fatos, portanto, sugerem que a evolu\u00e7\u00e3o \u00e9 uma impossibilidade gen\u00e9tica.<\/p>\n","protected":false},"excerpt":{"rendered":"<p>A taxonomia \u00e9 o m\u00e9todo mais utilizado para classifica\u00e7\u00e3o dos seres vivos, organizado-os em uma hierarquia que categoriza os organismos em diferentes n\u00edveis da seguinte maneira: Dom\u00ednio, Reino, Filo, Classe, Ordem, Fam\u00edlia, G\u00eanero e Esp\u00e9cie. Dom\u00ednio \u00e9 a categoria mais abrangente, comporta: Bacteria, Archaea e Eukarya. Dentro de cada dom\u00ednio, os organismos s\u00e3o agrupados em [&hellip;]<\/p>\n","protected":false},"author":246,"featured_media":0,"comment_status":"closed","ping_status":"closed","sticky":false,"template":"","format":"standard","meta":{"footnotes":""},"categories":[1244],"tags":[],"class_list":["post-226384","post","type-post","status-publish","format-standard","hentry","category-oleg-abramov"],"_links":{"self":[{"href":"https:\/\/diarioregionaldigital.com.br\/index.php?rest_route=\/wp\/v2\/posts\/226384","targetHints":{"allow":["GET"]}}],"collection":[{"href":"https:\/\/diarioregionaldigital.com.br\/index.php?rest_route=\/wp\/v2\/posts"}],"about":[{"href":"https:\/\/diarioregionaldigital.com.br\/index.php?rest_route=\/wp\/v2\/types\/post"}],"author":[{"embeddable":true,"href":"https:\/\/diarioregionaldigital.com.br\/index.php?rest_route=\/wp\/v2\/users\/246"}],"replies":[{"embeddable":true,"href":"https:\/\/diarioregionaldigital.com.br\/index.php?rest_route=%2Fwp%2Fv2%2Fcomments&post=226384"}],"version-history":[{"count":1,"href":"https:\/\/diarioregionaldigital.com.br\/index.php?rest_route=\/wp\/v2\/posts\/226384\/revisions"}],"predecessor-version":[{"id":226385,"href":"https:\/\/diarioregionaldigital.com.br\/index.php?rest_route=\/wp\/v2\/posts\/226384\/revisions\/226385"}],"wp:attachment":[{"href":"https:\/\/diarioregionaldigital.com.br\/index.php?rest_route=%2Fwp%2Fv2%2Fmedia&parent=226384"}],"wp:term":[{"taxonomy":"category","embeddable":true,"href":"https:\/\/diarioregionaldigital.com.br\/index.php?rest_route=%2Fwp%2Fv2%2Fcategories&post=226384"},{"taxonomy":"post_tag","embeddable":true,"href":"https:\/\/diarioregionaldigital.com.br\/index.php?rest_route=%2Fwp%2Fv2%2Ftags&post=226384"}],"curies":[{"name":"wp","href":"https:\/\/api.w.org\/{rel}","templated":true}]}}