{"id":226381,"date":"2025-01-18T03:45:21","date_gmt":"2025-01-18T06:45:21","guid":{"rendered":"https:\/\/diarioregionaldigital.com.br\/?p=226381"},"modified":"2025-01-18T03:45:21","modified_gmt":"2025-01-18T06:45:21","slug":"edital-de-convocacao-para-assembleia-geral-extraordinaria-18-01-2025","status":"publish","type":"post","link":"https:\/\/diarioregionaldigital.com.br\/?p=226381","title":{"rendered":"EDITAL DE CONVOCA\u00c7\u00c3O PARA  ASSEMBLEIA GERAL EXTRAORDIN\u00c1RIA &#8211; 18\/01\/2025"},"content":{"rendered":"<p>Juiz de Fora, 17 de janeiro de 2025.<\/p>\n<p>Na qualidade de s\u00edndica do Condom\u00ednio Reserva Salvaterra, situado na Estrada Domingos H\u00fangaro, S\/N, Bairro Salvaterra, CEP: 36033-550 \u2013 Juiz de Fora\/MG, e no uso das minhas atribui\u00e7\u00f5es, conforme disposto na ata da assembleia realizada no primeiro dia do m\u00eas de agosto de 2024, ainda n\u00e3o registrada, venho, por meio deste, convocar os cond\u00f4minos para a Assembleia Geral Extraordin\u00e1ria, a ser realizada no formato hibrido no pr\u00f3ximo dia 30 de janeiro de 2025 (quinta feira), sendo o presencial no escrit\u00f3rio InvestSmart, situado no Independ\u00eancia Trade Office &#8211; Av. Presidente Itamar Franco, 3840 &#8211; Loja 1, e o online atrav\u00e9s do link: https:\/\/meet.google.com\/qdj-abjd-sxc, com a seguinte programa\u00e7\u00e3o:<br \/>\n\u2022 Primeira chamada \u00e0s 19h00, com a necessidade da presen\u00e7a de cond\u00f4minos que representem 2\/3 das unidades, de acordo com a fra\u00e7\u00e3o ideal;<br \/>\n\u2022 Segunda e \u00faltima chamada \u00e0s 19h30, com o n\u00famero de presentes, para deliberarem sobre a seguinte pauta:<br \/>\nOrdens do Dia:<br \/>\n1. Delibera\u00e7\u00e3o sobre a concord\u00e2ncia dos termos da ATA da assembleia de 01\/08\/2024;<br \/>\n2. Retifica\u00e7\u00e3o, ratifica\u00e7\u00e3o ou ren\u00fancia do corpo diretivo eleito;<br \/>\n3. Delibera\u00e7\u00f5es sobre a gest\u00e3o condominial tais como valor de cota, taxa extra de enxoval, in\u00edcio de constru\u00e7\u00f5es, dentre outros;<br \/>\n4. Assuntos Gerais.<br \/>\nImportante:<br \/>\n\u2022 Lembro a todos os cond\u00f4minos da conveni\u00eancia de comparecer pessoalmente ou se fazerem representar por procura\u00e7\u00e3o espec\u00edfica.<br \/>\n\u2022 Ressalto que, conforme o Artigo 1.335, inciso III do C\u00f3digo Civil, somente poder\u00e1 votar e ser votados os cond\u00f4minos que estiverem em dia com suas obriga\u00e7\u00f5es condominiais. Os votos e presen\u00e7as de cond\u00f4minos inadimplentes ser\u00e3o considerados nulos.<br \/>\n\u2022 Por fim, destaco que as delibera\u00e7\u00f5es tomadas em assembleia ser\u00e3o obrigat\u00f3rias para todos os cond\u00f4minos, inclusive para os ausentes.<br \/>\nConto com a presen\u00e7a e participa\u00e7\u00e3o de todos para assegurar o bom funcionamento e gest\u00e3o do nosso condom\u00ednio.<\/p>\n<p>Cordialmente,<br \/>\nElisangela A. Nogueira<br \/>\nS\u00edndica \u2013 Condom\u00ednio Reserva Salvaterra\u2022.<\/p>\n","protected":false},"excerpt":{"rendered":"<p>Juiz de Fora, 17 de janeiro de 2025. Na qualidade de s\u00edndica do Condom\u00ednio Reserva Salvaterra, situado na Estrada Domingos H\u00fangaro, S\/N, Bairro Salvaterra, CEP: 36033-550 \u2013 Juiz de Fora\/MG, e no uso das minhas atribui\u00e7\u00f5es, conforme disposto na ata da assembleia realizada no primeiro dia do m\u00eas de agosto de 2024, ainda n\u00e3o registrada, [&hellip;]<\/p>\n","protected":false},"author":246,"featured_media":0,"comment_status":"closed","ping_status":"closed","sticky":false,"template":"","format":"standard","meta":{"footnotes":""},"categories":[307,1],"tags":[],"class_list":["post-226381","post","type-post","status-publish","format-standard","hentry","category-editais","category-sem-categoria"],"_links":{"self":[{"href":"https:\/\/diarioregionaldigital.com.br\/index.php?rest_route=\/wp\/v2\/posts\/226381","targetHints":{"allow":["GET"]}}],"collection":[{"href":"https:\/\/diarioregionaldigital.com.br\/index.php?rest_route=\/wp\/v2\/posts"}],"about":[{"href":"https:\/\/diarioregionaldigital.com.br\/index.php?rest_route=\/wp\/v2\/types\/post"}],"author":[{"embeddable":true,"href":"https:\/\/diarioregionaldigital.com.br\/index.php?rest_route=\/wp\/v2\/users\/246"}],"replies":[{"embeddable":true,"href":"https:\/\/diarioregionaldigital.com.br\/index.php?rest_route=%2Fwp%2Fv2%2Fcomments&post=226381"}],"version-history":[{"count":2,"href":"https:\/\/diarioregionaldigital.com.br\/index.php?rest_route=\/wp\/v2\/posts\/226381\/revisions"}],"predecessor-version":[{"id":226383,"href":"https:\/\/diarioregionaldigital.com.br\/index.php?rest_route=\/wp\/v2\/posts\/226381\/revisions\/226383"}],"wp:attachment":[{"href":"https:\/\/diarioregionaldigital.com.br\/index.php?rest_route=%2Fwp%2Fv2%2Fmedia&parent=226381"}],"wp:term":[{"taxonomy":"category","embeddable":true,"href":"https:\/\/diarioregionaldigital.com.br\/index.php?rest_route=%2Fwp%2Fv2%2Fcategories&post=226381"},{"taxonomy":"post_tag","embeddable":true,"href":"https:\/\/diarioregionaldigital.com.br\/index.php?rest_route=%2Fwp%2Fv2%2Ftags&post=226381"}],"curies":[{"name":"wp","href":"https:\/\/api.w.org\/{rel}","templated":true}]}}