{"id":226378,"date":"2025-01-17T19:55:09","date_gmt":"2025-01-17T22:55:09","guid":{"rendered":"https:\/\/diarioregionaldigital.com.br\/?p=226378"},"modified":"2025-01-17T19:55:09","modified_gmt":"2025-01-17T22:55:09","slug":"pjf-reinstala-poste-derrubado-na-avenida-juscelino-kubitschek-no-barbosa-lage","status":"publish","type":"post","link":"https:\/\/diarioregionaldigital.com.br\/?p=226378","title":{"rendered":"PJF reinstala poste derrubado na avenida Juscelino Kubitschek, no Barbosa Lage"},"content":{"rendered":"<p>Segundo informa\u00e7\u00f5es do site da Prefeitura de Juiz de Fora (PJF), a PJF, por meio do Departamento de Ilumina\u00e7\u00e3o P\u00fablica da Empresa Municipal de Pavimenta\u00e7\u00e3o e Urbanidades (Empav), esteve na tarde desta sexta-feira (17), na avenida Juscelino Kubitschek para realizar a reinstala\u00e7\u00e3o de mais um poste abalroado na via.<\/p>\n<p>A reimplanta\u00e7\u00e3o da estrutura reacendeu cerca de 12 lumin\u00e1rias,\u00a0que ficaram apagadas ap\u00f3s a queda do poste.<\/p>\n<p>As equipes do Departamento de Ilumina\u00e7\u00e3o atuam frequentemente na substitui\u00e7\u00e3o de estruturas danificadas na cidade, entretanto, \u00e9 importante refor\u00e7ar o pedido para que motoristas redobrem a aten\u00e7\u00e3o no tr\u00e2nsito, respeitem a velocidade das vias e n\u00e3o utilizem celular ao volante. A falta de ilumina\u00e7\u00e3o, ainda que tempor\u00e1ria, causada pela queda de postes compromete a visibilidade e o deslocamento seguro de pedestres e motoristas.<\/p>\n","protected":false},"excerpt":{"rendered":"<p>Segundo informa\u00e7\u00f5es do site da Prefeitura de Juiz de Fora (PJF), a PJF, por meio do Departamento de Ilumina\u00e7\u00e3o P\u00fablica da Empresa Municipal de Pavimenta\u00e7\u00e3o e Urbanidades (Empav), esteve na tarde desta sexta-feira (17), na avenida Juscelino Kubitschek para realizar a reinstala\u00e7\u00e3o de mais um poste abalroado na via. A reimplanta\u00e7\u00e3o da estrutura reacendeu cerca [&hellip;]<\/p>\n","protected":false},"author":246,"featured_media":226379,"comment_status":"closed","ping_status":"closed","sticky":false,"template":"","format":"standard","meta":{"footnotes":""},"categories":[253,436,439],"tags":[],"class_list":["post-226378","post","type-post","status-publish","format-standard","has-post-thumbnail","hentry","category-cidade","category-destaque-da-semana","category-ultima-hora"],"_links":{"self":[{"href":"https:\/\/diarioregionaldigital.com.br\/index.php?rest_route=\/wp\/v2\/posts\/226378","targetHints":{"allow":["GET"]}}],"collection":[{"href":"https:\/\/diarioregionaldigital.com.br\/index.php?rest_route=\/wp\/v2\/posts"}],"about":[{"href":"https:\/\/diarioregionaldigital.com.br\/index.php?rest_route=\/wp\/v2\/types\/post"}],"author":[{"embeddable":true,"href":"https:\/\/diarioregionaldigital.com.br\/index.php?rest_route=\/wp\/v2\/users\/246"}],"replies":[{"embeddable":true,"href":"https:\/\/diarioregionaldigital.com.br\/index.php?rest_route=%2Fwp%2Fv2%2Fcomments&post=226378"}],"version-history":[{"count":1,"href":"https:\/\/diarioregionaldigital.com.br\/index.php?rest_route=\/wp\/v2\/posts\/226378\/revisions"}],"predecessor-version":[{"id":226380,"href":"https:\/\/diarioregionaldigital.com.br\/index.php?rest_route=\/wp\/v2\/posts\/226378\/revisions\/226380"}],"wp:featuredmedia":[{"embeddable":true,"href":"https:\/\/diarioregionaldigital.com.br\/index.php?rest_route=\/wp\/v2\/media\/226379"}],"wp:attachment":[{"href":"https:\/\/diarioregionaldigital.com.br\/index.php?rest_route=%2Fwp%2Fv2%2Fmedia&parent=226378"}],"wp:term":[{"taxonomy":"category","embeddable":true,"href":"https:\/\/diarioregionaldigital.com.br\/index.php?rest_route=%2Fwp%2Fv2%2Fcategories&post=226378"},{"taxonomy":"post_tag","embeddable":true,"href":"https:\/\/diarioregionaldigital.com.br\/index.php?rest_route=%2Fwp%2Fv2%2Ftags&post=226378"}],"curies":[{"name":"wp","href":"https:\/\/api.w.org\/{rel}","templated":true}]}}