{"id":226375,"date":"2025-01-17T19:54:07","date_gmt":"2025-01-17T22:54:07","guid":{"rendered":"https:\/\/diarioregionaldigital.com.br\/?p=226375"},"modified":"2025-01-17T19:54:07","modified_gmt":"2025-01-17T22:54:07","slug":"fiscalizacao-de-posturas-lanca-operacao-comercio-legal","status":"publish","type":"post","link":"https:\/\/diarioregionaldigital.com.br\/?p=226375","title":{"rendered":"Fiscaliza\u00e7\u00e3o de posturas lan\u00e7a Opera\u00e7\u00e3o Com\u00e9rcio Legal"},"content":{"rendered":"<p>Segundo informa\u00e7\u00f5es do site da Prefeitura de Juiz de Fora (PJF), a PJF por meio da Fiscaliza\u00e7\u00e3o de Posturas da Secretaria de Desenvolvimento Urbano com Participa\u00e7\u00e3o Popular (Sedupp) promoveu a Opera\u00e7\u00e3o Com\u00e9rcio Legal. O intuito da opera\u00e7\u00e3o \u00e9 combater o com\u00e9rcio irregular no Centro de Juiz de Fora.<\/p>\n<p>Para executar a Opera\u00e7\u00e3o Com\u00e9rcio Legal, a Fiscaliza\u00e7\u00e3o vai acompanhar imagens do centro em tempo real, direto da sala de situa\u00e7\u00e3o a partir de c\u00e2meras com intelig\u00eancia artificial e, tamb\u00e9m, ser\u00e3o realizados voos di\u00e1rios com drones para o monitoramento constante do com\u00e9rcio irregular. Al\u00e9m disso, os fiscais de posturas estar\u00e3o com uma base fixa na regi\u00e3o central. Essas a\u00e7\u00f5es garantem a organiza\u00e7\u00e3o do com\u00e9rcio popular.<\/p>\n<div>Nessa semana, foram apreendidos 18 \u00f3culos e 15 caixas de morangos, esses produtos ser\u00e3o inutilizados.\u00a0A venda desses produtos \u00e9 prejudicial \u00e0 sa\u00fade do consumidor e s\u00e3o vendidos irregularmente, sem a licen\u00e7a do com\u00e9rcio popular. Al\u00e9m disso,\u00a0uma barraca foi apreendida que tamb\u00e9m estava sem a devida licen\u00e7a. Os infratores receberam um auto de infra\u00e7\u00e3o no valor de R$1.080,83 para cada um.<\/div>\n<p><strong>Edital do Com\u00e9rcio Popular\u00a0<\/strong><\/p>\n<p>O edital do Com\u00e9rcio Popular atende\u00a0a uma demanda hist\u00f3rica dos trabalhadores do com\u00e9rcio popular de Juiz de Fora, que passaram a contar com um processo transparente e justo para defini\u00e7\u00e3o dos espa\u00e7os cedidos para a atividade.\u00a0H\u00e1 mais de 30 anos n\u00e3o era realizado um processo licitat\u00f3rio. Foram concedidas 235 vagas para ocupa\u00e7\u00e3o de pontos na regi\u00e3o central. Ao todo, 249 pessoas participaram do processo licitat\u00f3rio, sendo que todos os inscritos que cumpriram as condi\u00e7\u00f5es estabelecidas pelo edital foram classificados.<\/p>\n<p>Todo esse trabalho foi poss\u00edvel pela Comiss\u00e3o Permanente de Acompanhamento do Com\u00e9rcio Popular de Rua (CCP), que executou o edital do processo licitat\u00f3rio em conjunto das secretarias de Sustentabilidade em Meio Ambiente e Atividades Urbanas (Sesmaur); de Governo (SG); de Planejamento Urbano (Sepur); de Seguran\u00e7a Urbana e Cidadania (Sesuc); de Desenvolvimento Sustent\u00e1vel e Inclusivo; e da Inova\u00e7\u00e3o e Competitividade (Sedic), acompanhado de representantes dos lojistas (C\u00e2mara de Dirigentes Lojistas de Juiz de Fora- CDL e Sindicato do Com\u00e9rcio- Sindicom\u00e9rcio) e representantes dos comerciantes populares (Associa\u00e7\u00e3o de Apoio do Com\u00e9rcio Popular de Rua de JF e Associa\u00e7\u00e3o de Apoio aos Camel\u00f4s, Ambulantes e Artes\u00e3os de JF).<\/p>\n<p>Confira o\u00a0<a href=\"https:\/\/www.instagram.com\/reel\/DE7sWXaxHnP\/?igsh=MXJlenpzemw3aGZubw%3D%3D\">v\u00eddeo<\/a><\/p>\n","protected":false},"excerpt":{"rendered":"<p>Segundo informa\u00e7\u00f5es do site da Prefeitura de Juiz de Fora (PJF), a PJF por meio da Fiscaliza\u00e7\u00e3o de Posturas da Secretaria de Desenvolvimento Urbano com Participa\u00e7\u00e3o Popular (Sedupp) promoveu a Opera\u00e7\u00e3o Com\u00e9rcio Legal. O intuito da opera\u00e7\u00e3o \u00e9 combater o com\u00e9rcio irregular no Centro de Juiz de Fora. Para executar a Opera\u00e7\u00e3o Com\u00e9rcio Legal, a [&hellip;]<\/p>\n","protected":false},"author":246,"featured_media":226376,"comment_status":"closed","ping_status":"closed","sticky":false,"template":"","format":"standard","meta":{"footnotes":""},"categories":[253,436,440,439],"tags":[],"class_list":["post-226375","post","type-post","status-publish","format-standard","has-post-thumbnail","hentry","category-cidade","category-destaque-da-semana","category-destaques-do-dia","category-ultima-hora"],"_links":{"self":[{"href":"https:\/\/diarioregionaldigital.com.br\/index.php?rest_route=\/wp\/v2\/posts\/226375","targetHints":{"allow":["GET"]}}],"collection":[{"href":"https:\/\/diarioregionaldigital.com.br\/index.php?rest_route=\/wp\/v2\/posts"}],"about":[{"href":"https:\/\/diarioregionaldigital.com.br\/index.php?rest_route=\/wp\/v2\/types\/post"}],"author":[{"embeddable":true,"href":"https:\/\/diarioregionaldigital.com.br\/index.php?rest_route=\/wp\/v2\/users\/246"}],"replies":[{"embeddable":true,"href":"https:\/\/diarioregionaldigital.com.br\/index.php?rest_route=%2Fwp%2Fv2%2Fcomments&post=226375"}],"version-history":[{"count":1,"href":"https:\/\/diarioregionaldigital.com.br\/index.php?rest_route=\/wp\/v2\/posts\/226375\/revisions"}],"predecessor-version":[{"id":226377,"href":"https:\/\/diarioregionaldigital.com.br\/index.php?rest_route=\/wp\/v2\/posts\/226375\/revisions\/226377"}],"wp:featuredmedia":[{"embeddable":true,"href":"https:\/\/diarioregionaldigital.com.br\/index.php?rest_route=\/wp\/v2\/media\/226376"}],"wp:attachment":[{"href":"https:\/\/diarioregionaldigital.com.br\/index.php?rest_route=%2Fwp%2Fv2%2Fmedia&parent=226375"}],"wp:term":[{"taxonomy":"category","embeddable":true,"href":"https:\/\/diarioregionaldigital.com.br\/index.php?rest_route=%2Fwp%2Fv2%2Fcategories&post=226375"},{"taxonomy":"post_tag","embeddable":true,"href":"https:\/\/diarioregionaldigital.com.br\/index.php?rest_route=%2Fwp%2Fv2%2Ftags&post=226375"}],"curies":[{"name":"wp","href":"https:\/\/api.w.org\/{rel}","templated":true}]}}