{"id":226366,"date":"2025-01-17T19:48:05","date_gmt":"2025-01-17T22:48:05","guid":{"rendered":"https:\/\/diarioregionaldigital.com.br\/?p=226366"},"modified":"2025-01-17T19:48:05","modified_gmt":"2025-01-17T22:48:05","slug":"minas-gerais-lidera-com-sao-paulo-geracao-de-empregos-na-cultura-em-2024","status":"publish","type":"post","link":"https:\/\/diarioregionaldigital.com.br\/?p=226366","title":{"rendered":"Minas Gerais lidera, com S\u00e3o Paulo, gera\u00e7\u00e3o de empregos na cultura em 2024"},"content":{"rendered":"<p>A amplia\u00e7\u00e3o de novos postos de trabalho na \u00e1rea da cultura posiciona Minas Gerais ao lado de S\u00e3o Paulo no desenvolvimento desse segmento. De acordo com os dados do Cadastro Geral de Empregados e Desempregados (Caged), entre janeiro e outubro de 2024, Minas Gerais registrou a admiss\u00e3o de 207.773 novas pessoas no mercado de trabalho. Desse total, 17.654 s\u00e3o oriundas do setor cultural, representando 8,5% das contrata\u00e7\u00f5es.<\/p>\n<p>Esse resultado destaca Minas Gerais como um dos estados com maior participa\u00e7\u00e3o proporcional da cultura no mercado de trabalho. Quando comparado a S\u00e3o Paulo, que contabilizou 609.153 novas admiss\u00f5es no mesmo per\u00edodo, sendo 41.478 na cultura (6,81%), Minas Gerais apresenta um desempenho proporcional 25% superior em rela\u00e7\u00e3o \u00e0 contribui\u00e7\u00e3o do setor cultural.<\/p>\n<p>\u201cOs dados reafirmam a relev\u00e2ncia estrat\u00e9gica das artes e da economia da criatividade para o desenvolvimento de Minas Gerais. Al\u00e9m de gerar emprego e renda, elas promovem a identidade e o turismo cultural, alavancando diversos outros setores da economia\u201d, destaca o secret\u00e1rio de Estado de\u00a0<a href=\"https:\/\/www.secult.mg.gov.br\/\" target=\"_blank\" rel=\"noreferrer noopener\">Cultura e Turismo<\/a>, Le\u00f4nidas de Oliveira.<\/p>\n<p>O crescimento do setor cultural em Minas Gerais reflete as iniciativas implementadas pelo\u00a0<a href=\"https:\/\/www.mg.gov.br\/\" target=\"_blank\" rel=\"noreferrer noopener\">Governo de Minas<\/a>, por meio da Secretaria de Estado de Cultura e Turismo, para fomentar a produ\u00e7\u00e3o cultural, num ano que contou com o investimento recorde de R$ 621 milh\u00f5es nesse segmento.<\/p>\n<p>O lan\u00e7amento de editais de incentivo, o apoio \u00e0s manifesta\u00e7\u00f5es art\u00edsticas locais e a realiza\u00e7\u00e3o de campanhas estrat\u00e9gicas como o Carnaval da Liberdade, a Minas Santa, o Inverno em Minas e o Natal da Mineiridade, dentre outras a\u00e7\u00f5es, t\u00eam consolidado o estado como um polo criativo e uma refer\u00eancia nacional no campo da cultura.<\/p>\n<p><strong>Motores de desenvolvimento<\/strong><\/p>\n<p>Al\u00e9m do impacto direto na gera\u00e7\u00e3o de empregos, as artes e a economia da criatividade contribu\u00edram para o fortalecimento do turismo cultural, que por sua vez movimenta uma extensa cadeia produtiva, incluindo hospedagem, gastronomia e servi\u00e7os. Minas Gerais, com seu rico patrim\u00f4nio hist\u00f3rico e diversidade cultural, est\u00e1 em posi\u00e7\u00e3o privilegiada, sendo atualmente o estado com mais patrim\u00f4nio mundiais reconhecidos pela Unesco, somando seis t\u00edtulos. O mais recente foi conferido aos Modos de Fazer O Queijo Minas Artesanal.<\/p>\n<p>Al\u00e9m disso, a disponibilidade de uma programa\u00e7\u00e3o cultural din\u00e2mica e descentralizada impulsionou a visita\u00e7\u00e3o no\u00a0<a href=\"http:\/\/www.circuitoliberdade.mg.gov.br\/pt-br\/\" target=\"_blank\" rel=\"noreferrer noopener\">Circuito Liberdade<\/a>\u00a0e no Sistema Estadual de Museus, que receberam juntos um p\u00fablico de cerca de 9,7 milh\u00f5es de pessoas no ano passado.<\/p>\n<p>Fonte: Ag\u00eancia Minas<\/p>\n","protected":false},"excerpt":{"rendered":"<p>A amplia\u00e7\u00e3o de novos postos de trabalho na \u00e1rea da cultura posiciona Minas Gerais ao lado de S\u00e3o Paulo no desenvolvimento desse segmento. De acordo com os dados do Cadastro Geral de Empregados e Desempregados (Caged), entre janeiro e outubro de 2024, Minas Gerais registrou a admiss\u00e3o de 207.773 novas pessoas no mercado de trabalho. [&hellip;]<\/p>\n","protected":false},"author":246,"featured_media":226367,"comment_status":"closed","ping_status":"closed","sticky":false,"template":"","format":"standard","meta":{"footnotes":""},"categories":[436,261,254,439],"tags":[],"class_list":["post-226366","post","type-post","status-publish","format-standard","has-post-thumbnail","hentry","category-destaque-da-semana","category-economia","category-politica","category-ultima-hora"],"_links":{"self":[{"href":"https:\/\/diarioregionaldigital.com.br\/index.php?rest_route=\/wp\/v2\/posts\/226366","targetHints":{"allow":["GET"]}}],"collection":[{"href":"https:\/\/diarioregionaldigital.com.br\/index.php?rest_route=\/wp\/v2\/posts"}],"about":[{"href":"https:\/\/diarioregionaldigital.com.br\/index.php?rest_route=\/wp\/v2\/types\/post"}],"author":[{"embeddable":true,"href":"https:\/\/diarioregionaldigital.com.br\/index.php?rest_route=\/wp\/v2\/users\/246"}],"replies":[{"embeddable":true,"href":"https:\/\/diarioregionaldigital.com.br\/index.php?rest_route=%2Fwp%2Fv2%2Fcomments&post=226366"}],"version-history":[{"count":1,"href":"https:\/\/diarioregionaldigital.com.br\/index.php?rest_route=\/wp\/v2\/posts\/226366\/revisions"}],"predecessor-version":[{"id":226368,"href":"https:\/\/diarioregionaldigital.com.br\/index.php?rest_route=\/wp\/v2\/posts\/226366\/revisions\/226368"}],"wp:featuredmedia":[{"embeddable":true,"href":"https:\/\/diarioregionaldigital.com.br\/index.php?rest_route=\/wp\/v2\/media\/226367"}],"wp:attachment":[{"href":"https:\/\/diarioregionaldigital.com.br\/index.php?rest_route=%2Fwp%2Fv2%2Fmedia&parent=226366"}],"wp:term":[{"taxonomy":"category","embeddable":true,"href":"https:\/\/diarioregionaldigital.com.br\/index.php?rest_route=%2Fwp%2Fv2%2Fcategories&post=226366"},{"taxonomy":"post_tag","embeddable":true,"href":"https:\/\/diarioregionaldigital.com.br\/index.php?rest_route=%2Fwp%2Fv2%2Ftags&post=226366"}],"curies":[{"name":"wp","href":"https:\/\/api.w.org\/{rel}","templated":true}]}}