{"id":226363,"date":"2025-01-17T19:46:39","date_gmt":"2025-01-17T22:46:39","guid":{"rendered":"https:\/\/diarioregionaldigital.com.br\/?p=226363"},"modified":"2025-01-17T19:46:39","modified_gmt":"2025-01-17T22:46:39","slug":"reparacao-brumadinho-projetos-definidos-na-consulta-popular-somam-mais-de-r-920-milhoes-investidos-na-regiao-atingida","status":"publish","type":"post","link":"https:\/\/diarioregionaldigital.com.br\/?p=226363","title":{"rendered":"Repara\u00e7\u00e3o Brumadinho: projetos definidos na Consulta Popular somam mais de R$ 920 milh\u00f5es investidos na regi\u00e3o atingida"},"content":{"rendered":"<p>Mais de R$ 920 milh\u00f5es est\u00e3o sendo investidos em projetos que est\u00e3o em execu\u00e7\u00e3o pelas prefeituras mineiras nas \u00e1reas atingidas pelo rompimento das barragens da Vale em Brumadinho.<\/p>\n<p>Esse quantitativo de obras refere-se exclusivamente \u00e0quelas executadas pelas prefeituras diretamente, n\u00e3o incluindo as demais interven\u00e7\u00f5es realizadas pela Vale ou pelo\u00a0<a href=\"https:\/\/www.der.mg.gov.br\/\" target=\"_blank\" rel=\"noopener\">Departamento de Estradas de Rodagem de Minas Gerais (DER-MG)<\/a>, seja por execu\u00e7\u00e3o direta ou por meio de conv\u00eanios com as prefeituras. Considerando os demais executores, mais de 50 obras j\u00e1 foram iniciadas na Bacia do Paraopeba.<\/p>\n<p>As interven\u00e7\u00f5es com obras j\u00e1 iniciadas sob execu\u00e7\u00e3o das prefeituras est\u00e3o sendo realizadas em 20 munic\u00edpios da regi\u00e3o da Bacia do Rio Paraopeba. As iniciativas foram definidas a partir da Consulta Popular e autorizadas pelos compromitentes do\u00a0<a href=\"https:\/\/www.mg.gov.br\/pro-brumadinho\/pagina\/entenda-o-acordo-judicial-de-reparacao-ao-rompimento-em-brumadinho\" target=\"_blank\" rel=\"noopener\">Acordo de Repara\u00e7\u00e3o<\/a>:\u00a0<a href=\"https:\/\/www.mg.gov.br\/\" target=\"_blank\" rel=\"noopener\">Governo de Minas<\/a>, Minist\u00e9rio P\u00fablico de Minas Gerais (MPMG), Minist\u00e9rio P\u00fablico Federal (MPF) e Defensoria P\u00fablica de Minas (DPMG).<\/p>\n<p>A secret\u00e1ria de Estado de\u00a0<a href=\"https:\/\/www.mg.gov.br\/planejamento\" target=\"_blank\" rel=\"noopener\">Planejamento e Gest\u00e3o (Seplag-MG)<\/a>, Lu\u00edsa Barreto, lembra que as obras na regi\u00e3o atingida s\u00e3o essenciais para o processo de repara\u00e7\u00e3o e para melhorar as condi\u00e7\u00f5es de acesso aos servi\u00e7os p\u00fablicos.<\/p>\n<table border=\"0\" cellspacing=\"1\" cellpadding=\"1\" align=\"center\">\n<tbody>\n<tr>\n<td colspan=\"5\"><img decoding=\"async\" src=\"https:\/\/www.agenciaminas.mg.gov.br\/ckeditor_assets\/pictures\/20949\/content_2_olho_topo.jpg\" alt=\"\" \/><\/td>\n<\/tr>\n<tr>\n<td><\/td>\n<td colspan=\"3\" rowspan=\"3\">\n<h1><strong>&#8220;Esses projetos est\u00e3o em plena execu\u00e7\u00e3o, com entregas efetivas, trazendo mudan\u00e7as pr\u00e1ticas na vida dos mineiros afetados pelo rompimento da barragem&#8221;, observa Lu\u00edsa Barreto.<\/strong><\/h1>\n<\/td>\n<td><\/td>\n<\/tr>\n<tr>\n<td><\/td>\n<td><\/td>\n<\/tr>\n<tr>\n<td><\/td>\n<td><\/td>\n<\/tr>\n<tr>\n<td colspan=\"5\"><img decoding=\"async\" src=\"https:\/\/www.agenciaminas.mg.gov.br\/ckeditor_assets\/pictures\/20950\/content_2_olho_inferior.jpg\" alt=\"\" \/><\/td>\n<\/tr>\n<\/tbody>\n<\/table>\n<p>Entre os projetos para aprimorar a assist\u00eancia \u00e0 sa\u00fade est\u00e3o em andamento: reforma e a amplia\u00e7\u00e3o do hospital Padre Lib\u00e9rio, em Par\u00e1 de Minas; constru\u00e7\u00e3o de centro de fisioterapia em Felixl\u00e2ndia e centro de imagens em Tr\u00eas Marias; constru\u00e7\u00e3o ou reforma de unidades b\u00e1sicas de sa\u00fade em Abaet\u00e9, Curvelo, Juatuba, Mateus Leme, S\u00e3o Joaquim de Bicas e Tr\u00eas Marias.<\/p>\n<p>Outras interven\u00e7\u00f5es s\u00e3o a constru\u00e7\u00e3o de casas populares em Maravilhas e em Morada Nova de Minas, de uma creche em Papagaios, reformas de escolas em Biquinhas e cria\u00e7\u00e3o de uma quadra escolar em Morada Nova de Minas.<br \/>\n<img decoding=\"async\" src=\"https:\/\/www.agenciaminas.mg.gov.br\/ckeditor_assets\/pictures\/22269\/content_canalizacao_corrego_igarape_001.jpg\" alt=\"\" \/><\/p>\n<p><em>\u00a0 \u00a0 \u00a0 \u00a0 \u00a0 \u00a0 \u00a0 \u00a0 \u00a0 \u00a0 \u00a0 \u00a0 \u00a0 \u00a0 \u00a0 \u00a0 \u00a0 \u00a0 \u00a0 \u00a0 \u00a0 \u00a0 \u00a0 \u00a0 \u00a0 \u00a0 \u00a0 \u00a0 \u00a0 \u00a0 \u00a0 \u00a0 \u00a0 \u00a0 \u00a0 \u00a0 \u00a0 \u00a0 \u00a0 \u00a0 \u00a0 \u00a0 \u00a0 \u00a0 \u00a0 \u00a0 \u00a0 \u00a0 \u00a0 \u00a0 \u00a0 \u00a0 \u00a0 \u00a0 \u00a0 \u00a0 \u00a0 \u00a0\u00a0<sub>C\u00f3rrego em Igarap\u00e9 (Seplag-MG \/ Divulga\u00e7\u00e3o)<\/sub><\/em><\/p>\n<p>J\u00e1 as obras de infraestrutura envolvem a recupera\u00e7\u00e3o e a pavimenta\u00e7\u00e3o de vias urbanas e rurais, de estradas e a implementa\u00e7\u00e3o de pontes, trevos, urbaniza\u00e7\u00e3o de c\u00f3rrego e drenagem em diversos munic\u00edpios.<\/p>\n<p><strong>Brumadinho<\/strong><\/p>\n<p>Em Brumadinho, est\u00e1 em curso a obra de pavimenta\u00e7\u00e3o e melhorias na rodovia entre os distritos de Aranha e Suzana, incluindo a interliga\u00e7\u00e3o com a via C\u00f3rrego de Almas. Com um trecho de aproximadamente 14 quil\u00f4metros de extens\u00e3o e investimento de R$ 44 milh\u00f5es, a iniciativa trar\u00e1 melhorias significativas ao tr\u00e1fego e mais seguran\u00e7a \u00e0 comunidade.<\/p>\n<p>Tamb\u00e9m foram repassados recursos para outras quatro iniciativas de infraestrutura e constru\u00e7\u00e3o de casas populares na cidade. O munic\u00edpio \u00e9 o que mais recebeu recursos para execu\u00e7\u00e3o de obras pela prefeitura, totalizando R$ 467 milh\u00f5es.<\/p>\n<p>A presidente da Associa\u00e7\u00e3o dos Familiares de V\u00edtimas e Atendidos pelo Rompimento da Barragem Mina C\u00f3rrego do Feij\u00e3o (Avabrum), Nayara Porto, afirma que essa \u00e9 uma forma de ressignificar a vida das 272 v\u00edtimas da trag\u00e9dia.<\/p>\n<table border=\"0\" cellspacing=\"1\" cellpadding=\"1\" align=\"center\">\n<tbody>\n<tr>\n<td colspan=\"5\"><img decoding=\"async\" src=\"https:\/\/www.agenciaminas.mg.gov.br\/ckeditor_assets\/pictures\/20949\/content_2_olho_topo.jpg\" alt=\"\" \/><\/td>\n<\/tr>\n<tr>\n<td><\/td>\n<td colspan=\"3\" rowspan=\"3\">\n<h1><strong>&#8220;Essa \u00e9 a nossa luta: acompanhar de perto para que a mem\u00f3ria dos nossos familiares esteja sempre presente. As pessoas precisam saber de onde saiu esse dinheiro, e que esse dinheiro s\u00f3 existe porque essas vidas foram ceifadas&#8221;, pontua Nayara Porto.<\/strong><\/h1>\n<\/td>\n<td><\/td>\n<\/tr>\n<tr>\n<td><\/td>\n<td><\/td>\n<\/tr>\n<tr>\n<td><\/td>\n<td><\/td>\n<\/tr>\n<tr>\n<td colspan=\"5\"><img decoding=\"async\" src=\"https:\/\/www.agenciaminas.mg.gov.br\/ckeditor_assets\/pictures\/20950\/content_2_olho_inferior.jpg\" alt=\"\" \/><\/td>\n<\/tr>\n<\/tbody>\n<\/table>\n<p><strong>Execu\u00e7\u00e3o da prefeitura<\/strong><\/p>\n<p>Uma autoriza\u00e7\u00e3o em ju\u00edzo obtida em 2023 permitiu \u00e0s prefeituras atingidas executarem projetos relacionados \u00e0 repara\u00e7\u00e3o socioecon\u00f4mica em casos autorizados pelos compromitentes, com base na an\u00e1lise do relat\u00f3rio da Auditoria Independente da Funda\u00e7\u00e3o Getulio Vargas (FGV).<\/p>\n<p>\u201cA parceria com os munic\u00edpios tornou as execu\u00e7\u00f5es mais \u00e1geis, entregando \u00e0s pessoas atingidas respostas de repara\u00e7\u00e3o mais efetivas. Esperamos ver, em breve, diversas obras conclu\u00eddas com entregas relevantes para a popula\u00e7\u00e3o\u201d, destaca o procurador da Rep\u00fablica Carlos Bruno Ferreira da Silva, do MPF.<\/p>\n<p><img decoding=\"async\" src=\"https:\/\/www.agenciaminas.mg.gov.br\/ckeditor_assets\/pictures\/22270\/content_infografico_obras-iniciadas.jpg\" \/>Fonte: Ag\u00eancia Minas<\/p>\n","protected":false},"excerpt":{"rendered":"<p>Mais de R$ 920 milh\u00f5es est\u00e3o sendo investidos em projetos que est\u00e3o em execu\u00e7\u00e3o pelas prefeituras mineiras nas \u00e1reas atingidas pelo rompimento das barragens da Vale em Brumadinho. Esse quantitativo de obras refere-se exclusivamente \u00e0quelas executadas pelas prefeituras diretamente, n\u00e3o incluindo as demais interven\u00e7\u00f5es realizadas pela Vale ou pelo\u00a0Departamento de Estradas de Rodagem de Minas [&hellip;]<\/p>\n","protected":false},"author":246,"featured_media":226364,"comment_status":"closed","ping_status":"closed","sticky":false,"template":"","format":"standard","meta":{"footnotes":""},"categories":[436,261,254,439],"tags":[],"class_list":["post-226363","post","type-post","status-publish","format-standard","has-post-thumbnail","hentry","category-destaque-da-semana","category-economia","category-politica","category-ultima-hora"],"_links":{"self":[{"href":"https:\/\/diarioregionaldigital.com.br\/index.php?rest_route=\/wp\/v2\/posts\/226363","targetHints":{"allow":["GET"]}}],"collection":[{"href":"https:\/\/diarioregionaldigital.com.br\/index.php?rest_route=\/wp\/v2\/posts"}],"about":[{"href":"https:\/\/diarioregionaldigital.com.br\/index.php?rest_route=\/wp\/v2\/types\/post"}],"author":[{"embeddable":true,"href":"https:\/\/diarioregionaldigital.com.br\/index.php?rest_route=\/wp\/v2\/users\/246"}],"replies":[{"embeddable":true,"href":"https:\/\/diarioregionaldigital.com.br\/index.php?rest_route=%2Fwp%2Fv2%2Fcomments&post=226363"}],"version-history":[{"count":1,"href":"https:\/\/diarioregionaldigital.com.br\/index.php?rest_route=\/wp\/v2\/posts\/226363\/revisions"}],"predecessor-version":[{"id":226365,"href":"https:\/\/diarioregionaldigital.com.br\/index.php?rest_route=\/wp\/v2\/posts\/226363\/revisions\/226365"}],"wp:featuredmedia":[{"embeddable":true,"href":"https:\/\/diarioregionaldigital.com.br\/index.php?rest_route=\/wp\/v2\/media\/226364"}],"wp:attachment":[{"href":"https:\/\/diarioregionaldigital.com.br\/index.php?rest_route=%2Fwp%2Fv2%2Fmedia&parent=226363"}],"wp:term":[{"taxonomy":"category","embeddable":true,"href":"https:\/\/diarioregionaldigital.com.br\/index.php?rest_route=%2Fwp%2Fv2%2Fcategories&post=226363"},{"taxonomy":"post_tag","embeddable":true,"href":"https:\/\/diarioregionaldigital.com.br\/index.php?rest_route=%2Fwp%2Fv2%2Ftags&post=226363"}],"curies":[{"name":"wp","href":"https:\/\/api.w.org\/{rel}","templated":true}]}}