{"id":226337,"date":"2025-01-16T11:23:34","date_gmt":"2025-01-16T14:23:34","guid":{"rendered":"https:\/\/diarioregionaldigital.com.br\/?p=226337"},"modified":"2025-01-16T11:23:34","modified_gmt":"2025-01-16T14:23:34","slug":"processo-seletivo-prefeitura-municipal-de-descoberto-16-01-2024","status":"publish","type":"post","link":"https:\/\/diarioregionaldigital.com.br\/?p=226337","title":{"rendered":"PROCESSO SELETIVO &#8211; PREFEITURA MUNICIPAL DE DESCOBERTO &#8211; 16\/01\/2024"},"content":{"rendered":"<p>A Prefeitura Municipal de Descoberto realizar\u00e1 PROCESSO SELETIVO para o preenchimento de vagas na \u00e1rea educacional de Professor de Educa\u00e7\u00e3o F\u00edsica, Supervisor, Motorista e Monitor.<\/p>\n<p>&nbsp;<\/p>\n<p>A Prefeitura Municipal de Descoberto, na forma da lei e da constitui\u00e7\u00e3o federal, considerando que n\u00e3o foram ofertadas vagas para o cargo de professor de educa\u00e7\u00e3o f\u00edsica no concurso p\u00fablico regido pelo edital n.001\/2019 e que para os cargos de supervisor, motorista e monitor, os aprovados no concurso p\u00fablico regido pelo edital n. 001\/2019 n\u00e3o manifestaram interesse pela contrata\u00e7\u00e3o tempor\u00e1ria. Torna p\u00fablico e faz saber que estar\u00e3o abertas as inscri\u00e7\u00f5es para o processo seletivo simplificado para a realiza\u00e7\u00e3o de contrata\u00e7\u00f5es tempor\u00e1rias por excepcional interesse p\u00fablico pelo per\u00edodo de at\u00e9 12 meses, prorrog\u00e1veis por igual per\u00edodo.<\/p>\n<p>As INSCRI\u00c7\u00d5ES ser\u00e3o realizadas diretamente pelo candidato nos dias 16 a 24 de janeiro de 2025 de 08h:00min \u00e0s 16h:00min no Departamento Municipal de Educa\u00e7\u00e3o, localizado na Rua do Ros\u00e1rio, 231.<\/p>\n<p>O Edital est\u00e1 publicado no site www.descoberto.mg.gov.br, no mural de avisos da Prefeitura Municipal de Descoberto, situada \u00e0 Rua Capit\u00e3o Bas\u00edlio,39 e no Departamento Municipal de Educa\u00e7\u00e3o, Rua do Ros\u00e1rio, 231.<\/p>\n","protected":false},"excerpt":{"rendered":"<p>A Prefeitura Municipal de Descoberto realizar\u00e1 PROCESSO SELETIVO para o preenchimento de vagas na \u00e1rea educacional de Professor de Educa\u00e7\u00e3o F\u00edsica, Supervisor, Motorista e Monitor. &nbsp; A Prefeitura Municipal de Descoberto, na forma da lei e da constitui\u00e7\u00e3o federal, considerando que n\u00e3o foram ofertadas vagas para o cargo de professor de educa\u00e7\u00e3o f\u00edsica no concurso [&hellip;]<\/p>\n","protected":false},"author":246,"featured_media":0,"comment_status":"closed","ping_status":"closed","sticky":false,"template":"","format":"standard","meta":{"footnotes":""},"categories":[307],"tags":[],"class_list":["post-226337","post","type-post","status-publish","format-standard","hentry","category-editais"],"_links":{"self":[{"href":"https:\/\/diarioregionaldigital.com.br\/index.php?rest_route=\/wp\/v2\/posts\/226337","targetHints":{"allow":["GET"]}}],"collection":[{"href":"https:\/\/diarioregionaldigital.com.br\/index.php?rest_route=\/wp\/v2\/posts"}],"about":[{"href":"https:\/\/diarioregionaldigital.com.br\/index.php?rest_route=\/wp\/v2\/types\/post"}],"author":[{"embeddable":true,"href":"https:\/\/diarioregionaldigital.com.br\/index.php?rest_route=\/wp\/v2\/users\/246"}],"replies":[{"embeddable":true,"href":"https:\/\/diarioregionaldigital.com.br\/index.php?rest_route=%2Fwp%2Fv2%2Fcomments&post=226337"}],"version-history":[{"count":1,"href":"https:\/\/diarioregionaldigital.com.br\/index.php?rest_route=\/wp\/v2\/posts\/226337\/revisions"}],"predecessor-version":[{"id":226338,"href":"https:\/\/diarioregionaldigital.com.br\/index.php?rest_route=\/wp\/v2\/posts\/226337\/revisions\/226338"}],"wp:attachment":[{"href":"https:\/\/diarioregionaldigital.com.br\/index.php?rest_route=%2Fwp%2Fv2%2Fmedia&parent=226337"}],"wp:term":[{"taxonomy":"category","embeddable":true,"href":"https:\/\/diarioregionaldigital.com.br\/index.php?rest_route=%2Fwp%2Fv2%2Fcategories&post=226337"},{"taxonomy":"post_tag","embeddable":true,"href":"https:\/\/diarioregionaldigital.com.br\/index.php?rest_route=%2Fwp%2Fv2%2Ftags&post=226337"}],"curies":[{"name":"wp","href":"https:\/\/api.w.org\/{rel}","templated":true}]}}