{"id":226334,"date":"2025-01-15T19:41:37","date_gmt":"2025-01-15T22:41:37","guid":{"rendered":"https:\/\/diarioregionaldigital.com.br\/?p=226334"},"modified":"2025-01-15T19:41:37","modified_gmt":"2025-01-15T22:41:37","slug":"teatro-paschoal-carlos-magno-recebe-a-opera-uma-noite-no-castelo-no-fim-de-semana","status":"publish","type":"post","link":"https:\/\/diarioregionaldigital.com.br\/?p=226334","title":{"rendered":"Teatro Paschoal Carlos Magno recebe a \u00f3pera \u201cUma noite no castelo\u201d no fim de semana"},"content":{"rendered":"<p>Segundo informa\u00e7\u00f5es do site da Prefeitura de Juiz de Fora (PJF), nos dias 25 e 26 de janeiro, \u00e0s 20h, o Teatro Paschoal Carlos Magno (Rua Gilberto Alencar -atr\u00e1s da Igreja S\u00e3o Sebasti\u00e3o-Centro) ser\u00e1 palco para apresenta\u00e7\u00e3o da \u00f3pera \u201cUma noite no castelo\u201d, sob reg\u00eancia do maestro Victor Casemiro.<\/p>\n<p>A montagem, que teve noite de estreia na abertura da 35\u00aa edi\u00e7\u00e3o do Festival Internacional de M\u00fasica Colonial Brasileira e M\u00fasica Antiga (UFJF), trabalha com elementos de comicidade na prepara\u00e7\u00e3o dos atores-cantores e traz a cenografia e os figurinos mostrando um ambiente em decl\u00ednio, simbolizado pelo castelo roto, cheio de fuligem e personagens empoeirados.<\/p>\n<p>Os ingressos podem ser adquiridos pelo portal de vendas\u00a0<a href=\"https:\/\/www.sympla.com.br\/evento\/uma-noite-no-castelo\/2787775?_gl=1%2Adxzio%2A_gcl_au%2AMjU0ODU4NzA3LjE3MzQ0ODU1NDk.%2A_ga%2AMTQ1ODczNzIzMS4xNzM0NDg1NTQ5%2A_ga_KXH10SQTZF%2AMTczNjM2MzI5OC44LjEuMTczNjM2MzM2Mi41Ni4wLjk1MjI0ODI&amp;fbclid=PAZXh0bgNhZW0CMTEAAaadwSN3feqrajK2mdrRAHThz_oEQTMoqqG1-zDTRNonUbQYEbeMS6KSijw_aem_GMHlTif-7k6b6afmnEHZ4A&amp;referrer=l.instagram.com\" target=\"_blank\" rel=\"noopener\">online Sympla<\/a>, nos valores de R$20,00 (para estudantes, idosos e deficientes) e R$40,00 (inteira),+ taxas.<\/p>\n<p>Sinopse: Ambientada na Fran\u00e7a, em meados do s\u00e9c. XIX, \u201cUma noite no castelo\u201d conta a hist\u00f3ria de um jovem conde, que vivia esbanjando sua fortuna em Paris, e raramente visitava sua aldeia. Certo dia, ele e seu fiel criado decidem viajar at\u00e9 l\u00e1 para cumprir o \u00faltimo desejo de sua falecida m\u00e3e: pagar o dote do casamento de uma bela alde\u00e3 querida pela Condessa. Assim, a administradora das terras do conde e m\u00e3e de Collete, Mathurine, chega ao castelo com a filha e um sobrinho que se faz passar pelo marido dela, e, surpreendentemente, conseguem enganar o nobre com a farsa, at\u00e9 que o mordomo descobre o segredo e o revela presen\u00e7a de todos.<\/p>\n<p><strong>Servi\u00e7o<\/strong>:<br \/>\n\u00d3pera \u201cUma noite no castelo\u201d<br \/>\nDatas: 25 e 26 de janeiro, \u00e0s 20h<br \/>\nLocal: Teatro Paschoal Carlos Magno (Rua Gilberto Alencar, atr\u00e1s da Igreja S\u00e3o Sebasti\u00e3o, Centro, Juiz de Fora)<br \/>\nIngressos: R$20,00 (meia-entrada) e R$40,00 (inteira), dispon\u00edveis no Sympla<br \/>\nClassifica\u00e7\u00e3o indicativa: Livre<\/p>\n","protected":false},"excerpt":{"rendered":"<p>Segundo informa\u00e7\u00f5es do site da Prefeitura de Juiz de Fora (PJF), nos dias 25 e 26 de janeiro, \u00e0s 20h, o Teatro Paschoal Carlos Magno (Rua Gilberto Alencar -atr\u00e1s da Igreja S\u00e3o Sebasti\u00e3o-Centro) ser\u00e1 palco para apresenta\u00e7\u00e3o da \u00f3pera \u201cUma noite no castelo\u201d, sob reg\u00eancia do maestro Victor Casemiro. A montagem, que teve noite de [&hellip;]<\/p>\n","protected":false},"author":246,"featured_media":226335,"comment_status":"closed","ping_status":"closed","sticky":false,"template":"","format":"standard","meta":{"footnotes":""},"categories":[253,436,439],"tags":[],"class_list":["post-226334","post","type-post","status-publish","format-standard","has-post-thumbnail","hentry","category-cidade","category-destaque-da-semana","category-ultima-hora"],"_links":{"self":[{"href":"https:\/\/diarioregionaldigital.com.br\/index.php?rest_route=\/wp\/v2\/posts\/226334","targetHints":{"allow":["GET"]}}],"collection":[{"href":"https:\/\/diarioregionaldigital.com.br\/index.php?rest_route=\/wp\/v2\/posts"}],"about":[{"href":"https:\/\/diarioregionaldigital.com.br\/index.php?rest_route=\/wp\/v2\/types\/post"}],"author":[{"embeddable":true,"href":"https:\/\/diarioregionaldigital.com.br\/index.php?rest_route=\/wp\/v2\/users\/246"}],"replies":[{"embeddable":true,"href":"https:\/\/diarioregionaldigital.com.br\/index.php?rest_route=%2Fwp%2Fv2%2Fcomments&post=226334"}],"version-history":[{"count":1,"href":"https:\/\/diarioregionaldigital.com.br\/index.php?rest_route=\/wp\/v2\/posts\/226334\/revisions"}],"predecessor-version":[{"id":226336,"href":"https:\/\/diarioregionaldigital.com.br\/index.php?rest_route=\/wp\/v2\/posts\/226334\/revisions\/226336"}],"wp:featuredmedia":[{"embeddable":true,"href":"https:\/\/diarioregionaldigital.com.br\/index.php?rest_route=\/wp\/v2\/media\/226335"}],"wp:attachment":[{"href":"https:\/\/diarioregionaldigital.com.br\/index.php?rest_route=%2Fwp%2Fv2%2Fmedia&parent=226334"}],"wp:term":[{"taxonomy":"category","embeddable":true,"href":"https:\/\/diarioregionaldigital.com.br\/index.php?rest_route=%2Fwp%2Fv2%2Fcategories&post=226334"},{"taxonomy":"post_tag","embeddable":true,"href":"https:\/\/diarioregionaldigital.com.br\/index.php?rest_route=%2Fwp%2Fv2%2Ftags&post=226334"}],"curies":[{"name":"wp","href":"https:\/\/api.w.org\/{rel}","templated":true}]}}