{"id":226325,"date":"2025-01-15T19:37:41","date_gmt":"2025-01-15T22:37:41","guid":{"rendered":"https:\/\/diarioregionaldigital.com.br\/?p=226325"},"modified":"2025-01-15T19:37:41","modified_gmt":"2025-01-15T22:37:41","slug":"governo-de-minas-impulsiona-desempenho-de-estudantes-no-enem-2024-e-estado-tem-as-notas-de-redacao-mais-altas-do-brasil","status":"publish","type":"post","link":"https:\/\/diarioregionaldigital.com.br\/?p=226325","title":{"rendered":"Governo de Minas impulsiona desempenho de estudantes no Enem 2024 e estado tem as notas de reda\u00e7\u00e3o mais altas do Brasil"},"content":{"rendered":"<p>Minas Gerais tem muito a celebrar com os resultados alcan\u00e7ados no Exame Nacional do Ensino M\u00e9dio (Enem) 2024. Nesta edi\u00e7\u00e3o, que registrou um n\u00famero recorde de concluintes da rede p\u00fablica inscritos, os estudantes da rede estadual contaram com o suporte do\u00a0<a href=\"https:\/\/www.mg.gov.br\/\" target=\"_blank\" rel=\"noopener\">Governo de Minas<\/a>, por meio da\u00a0<a href=\"https:\/\/www.educacao.mg.gov.br\/\" target=\"_blank\" rel=\"noopener\">Secretaria de Estado de Educa\u00e7\u00e3o (SEE\/MG)<\/a>. Os jovens tiveram acesso a recursos e iniciativas que aprimoraram seu desempenho, evidenciando o compromisso do Estado com uma educa\u00e7\u00e3o de qualidade.<\/p>\n<p>Os dados divulgados pelo Instituto Nacional de Estudos e Pesquisas Educacionais An\u00edsio Teixeira (Inep), nesta semana, evidenciam o desempenho de destaque dos estudantes mineiros na reda\u00e7\u00e3o do Enem 2024. Dos 12 estudantes em todo pa\u00eds que alcan\u00e7aram o resultado m\u00e1ximo na reda\u00e7\u00e3o (1.000 pontos), a \u00fanica participante vinda de escola p\u00fablica a atingir essa marca j\u00e1 passou pela rede estadual: Samille Malta, ex-estudante da Escola Estadual Nossa Senhora do Patroc\u00ednio, em Virgin\u00f3polis.<\/p>\n<p>Minas Gerais tamb\u00e9m se sobressaiu e, n\u00e3o por acaso, o estado foi campe\u00e3o entre reda\u00e7\u00f5es com notas entre 980 e 1.000, com 331 estudantes mineiros. A rede p\u00fablica tamb\u00e9m est\u00e1 na lideran\u00e7a nessa faixa de pontua\u00e7\u00e3o, com 30 estudantes, apenas dois a menos que o Cear\u00e1.<\/p>\n<p>J\u00e1 com rela\u00e7\u00e3o \u00e0s pontua\u00e7\u00f5es entre 950 e 980, novo destaque nacional: 4.397 estudantes obtiveram as notas. Considerando especificamente a rede p\u00fablica, Minas segue no ranking principal, com 590, logo ap\u00f3s os estudantes cearenses. Os resultados reafirmam a qualidade da educa\u00e7\u00e3o p\u00fablica no estado.<\/p>\n<p>O governador Romeu Zema destaca que o sucesso obtido \u00e9 fruto de uma s\u00e9rie de esfor\u00e7os, com foco na forma\u00e7\u00e3o, infraestrutura e fortalecimento da rede p\u00fablica de ensino.<\/p>\n<p>&#8220;Esse resultado \u00e9 reflexo do trabalho conjunto de professores e gestores comprometidos em oferecer uma educa\u00e7\u00e3o p\u00fablica de qualidade. Minas \u00e9 um exemplo para todo o pa\u00eds com o desempenho alcan\u00e7ado e tamb\u00e9m para mostrar que a valoriza\u00e7\u00e3o e os investimentos mudam a vida dos estudantes, que se mostram mais preparados para o futuro&#8221;, afirma. \u201cDestaco tamb\u00e9m a\u00a0 s\u00e9rie de iniciativas, por meio da Secretaria de Estado de Educa\u00e7\u00e3o, para melhorar a forma\u00e7\u00e3o docente, a infraestrutura escolar e a aprendizagem dos estudantes\u201d, acrescenta Romeu Zema.<\/p>\n<p>O secret\u00e1rio de Estado de Educa\u00e7\u00e3o, Igor de Alvarenga tamb\u00e9m destaca as diversas iniciativas do Governo de Minas para estimular a aprendizagem.<\/p>\n<p>\u201cEssa conquista \u00e9 fruto de todas as a\u00e7\u00f5es e pol\u00edticas educacionais que implantamos, e estamos muito felizes com este resultado. Os simulados, testes de reda\u00e7\u00e3o e aulas ao vivo, que foram realizados de forma in\u00e9dita, contribu\u00edram diretamente para o resultado&#8221;, enfatiza.<\/p>\n<p><strong>Tecnologia a servi\u00e7o da Educa\u00e7\u00e3o<\/strong><\/p>\n<p>Um dos grandes avan\u00e7os de 2024 foi a implementa\u00e7\u00e3o da plataforma\u00a0<a href=\"https:\/\/mg.estudoplay.com.br\/plataforma\" target=\"_blank\" rel=\"noopener\">Enem MG<\/a>, em parceria com a editora Estudo Play, que beneficiou mais de 264 mil estudantes do 3\u00ba ano do ensino m\u00e9dio e da Educa\u00e7\u00e3o de Jovens e Adultos (EJA). A plataforma ofereceu corre\u00e7\u00e3o de reda\u00e7\u00e3o por Intelig\u00eancia Artificial, trilhas formativas, simulados aulas e relat\u00f3rios detalhados.<\/p>\n<p>Foram realizados dois grandes simulados, replicando as condi\u00e7\u00f5es do exame oficial, com a participa\u00e7\u00e3o de mais de 150 mil estudantes em cada. As corre\u00e7\u00f5es foram feitas com o apoio da Intelig\u00eancia Artificial, proporcionando avalia\u00e7\u00f5es r\u00e1pidas e detalhadas.<\/p>\n<p>Pedro Vitor Carvalho, que concluiu o ensino m\u00e9dio na Escola Estadual S\u00e3o Sebasti\u00e3o, em Cruz\u00edlia, no Sul de Minas, foi um dos beneficiados da plataforma e obteve 980 pontos na reda\u00e7\u00e3o. &#8220;\u00c9 uma emo\u00e7\u00e3o muito grande ter tirado uma boa nota de reda\u00e7\u00e3o e ter ido bem ao longo da prova. Quero fazer medicina para poder ajudar as pessoas e fazer do mundo um lugar melhor\u201d, comenta.<\/p>\n<p>Al\u00e9m disso, quatro testes de reda\u00e7\u00e3o ajudaram mais de 125 mil estudantes a aprimorar suas habilidades de escrita. Aqueles que obtiveram notas acima de 900 foram convidados para oficinas exclusivas para refinar ainda mais suas compet\u00eancias.<\/p>\n<p>Para Marina Guedes, da Escola Estadual Interventor Alcides Lins, em Curvelo, que al\u00e9m de estudar tamb\u00e9m trabalhava, todo o esfor\u00e7o valeu a pena. Ela obteve 960 pontos na reda\u00e7\u00e3o. \u201cEu gostei muito do tema da reda\u00e7\u00e3o. O tema, n\u00e3o s\u00f3 por ser uma quest\u00e3o social, achei muito interessante principalmente por eu ser negra. Eu vivo essa quest\u00e3o e vejo a import\u00e2ncia de falar nas escolas sobre a verdadeira heran\u00e7a africana, e n\u00e3o s\u00f3 a quest\u00e3o escravocrata\u201d, afirma.<\/p>\n<p><strong>Maratona Enem e entrega de certificados<\/strong><\/p>\n<p>Outra iniciativa em destaque foi a Maratona Enem, que ofereceu aulas ao vivo pelos canais do\u00a0<a href=\"https:\/\/www.youtube.com\/estudioeducacaomg\" target=\"_blank\" rel=\"noopener\">YouTube da SEE\/MG<\/a>, al\u00e9m da programa\u00e7\u00e3o da\u00a0<a href=\"https:\/\/redeminas.tv\/\" target=\"_blank\" rel=\"noopener\">Rede Minas<\/a>\u00a0para toda a popula\u00e7\u00e3o mineira.<\/p>\n<p>Tamb\u00e9m foram realizados quatro aul\u00f5es presenciais em diversas regi\u00f5es, transmitidos ao vivo. Cerca de 95 mil certificados do Sisu foram entregues aos estudantes que participaram dos simulados e atingiram notas suficientes para ingressar em universidades p\u00fablicas. Os certificados foram emitidos com base nos resultados do simulado, com o objetivo de reconhecer o desempenho e incentivar a continuidade dos estudos.<\/p>\n<p><strong>Apoio log\u00edstico<\/strong><\/p>\n<p>Para garantir a participa\u00e7\u00e3o de cerca de 36 mil estudantes no Enem, o Governo de Minas investiu R$ 25 milh\u00f5es em transporte e hospedagem, cobrindo alimenta\u00e7\u00e3o e estadia para aqueles que residem em cidades onde o exame n\u00e3o foi aplicado.<\/p>\n<p><strong>Outras iniciativas\u00a0<\/strong><\/p>\n<p>No in\u00edcio de 2024, a SEE\/MG intensificou a\u00e7\u00f5es para garantir que todos os estudantes pudessem se inscrever no Enem por meio da campanha Jovem+Cidad\u00e3o \u2013 Seu CPF na m\u00e3o, garantindo que todos emitissem o CPF, essencial para a inscri\u00e7\u00e3o e solicita\u00e7\u00e3o de isen\u00e7\u00e3o da taxa.<\/p>\n<p>Al\u00e9m disso, a secretaria desenvolveu o Caderno Pedag\u00f3gico &#8211; Complemento Enem para Projeto de Vida, alinhando o curr\u00edculo escolar \u00e0s exig\u00eancias do exame, orientando educadores a ajudarem os alunos a perceberem o Enem como parte de seus projetos de vida.<\/p>\n<p>Fonte: Ag\u00eancia Minas<\/p>\n","protected":false},"excerpt":{"rendered":"<p>Minas Gerais tem muito a celebrar com os resultados alcan\u00e7ados no Exame Nacional do Ensino M\u00e9dio (Enem) 2024. Nesta edi\u00e7\u00e3o, que registrou um n\u00famero recorde de concluintes da rede p\u00fablica inscritos, os estudantes da rede estadual contaram com o suporte do\u00a0Governo de Minas, por meio da\u00a0Secretaria de Estado de Educa\u00e7\u00e3o (SEE\/MG). Os jovens tiveram acesso [&hellip;]<\/p>\n","protected":false},"author":246,"featured_media":226326,"comment_status":"closed","ping_status":"closed","sticky":false,"template":"","format":"standard","meta":{"footnotes":""},"categories":[436,261,254,439],"tags":[],"class_list":["post-226325","post","type-post","status-publish","format-standard","has-post-thumbnail","hentry","category-destaque-da-semana","category-economia","category-politica","category-ultima-hora"],"_links":{"self":[{"href":"https:\/\/diarioregionaldigital.com.br\/index.php?rest_route=\/wp\/v2\/posts\/226325","targetHints":{"allow":["GET"]}}],"collection":[{"href":"https:\/\/diarioregionaldigital.com.br\/index.php?rest_route=\/wp\/v2\/posts"}],"about":[{"href":"https:\/\/diarioregionaldigital.com.br\/index.php?rest_route=\/wp\/v2\/types\/post"}],"author":[{"embeddable":true,"href":"https:\/\/diarioregionaldigital.com.br\/index.php?rest_route=\/wp\/v2\/users\/246"}],"replies":[{"embeddable":true,"href":"https:\/\/diarioregionaldigital.com.br\/index.php?rest_route=%2Fwp%2Fv2%2Fcomments&post=226325"}],"version-history":[{"count":1,"href":"https:\/\/diarioregionaldigital.com.br\/index.php?rest_route=\/wp\/v2\/posts\/226325\/revisions"}],"predecessor-version":[{"id":226327,"href":"https:\/\/diarioregionaldigital.com.br\/index.php?rest_route=\/wp\/v2\/posts\/226325\/revisions\/226327"}],"wp:featuredmedia":[{"embeddable":true,"href":"https:\/\/diarioregionaldigital.com.br\/index.php?rest_route=\/wp\/v2\/media\/226326"}],"wp:attachment":[{"href":"https:\/\/diarioregionaldigital.com.br\/index.php?rest_route=%2Fwp%2Fv2%2Fmedia&parent=226325"}],"wp:term":[{"taxonomy":"category","embeddable":true,"href":"https:\/\/diarioregionaldigital.com.br\/index.php?rest_route=%2Fwp%2Fv2%2Fcategories&post=226325"},{"taxonomy":"post_tag","embeddable":true,"href":"https:\/\/diarioregionaldigital.com.br\/index.php?rest_route=%2Fwp%2Fv2%2Ftags&post=226325"}],"curies":[{"name":"wp","href":"https:\/\/api.w.org\/{rel}","templated":true}]}}