{"id":226319,"date":"2025-01-15T19:35:36","date_gmt":"2025-01-15T22:35:36","guid":{"rendered":"https:\/\/diarioregionaldigital.com.br\/?p=226319"},"modified":"2025-01-15T19:35:36","modified_gmt":"2025-01-15T22:35:36","slug":"governo-do-estado-lanca-proteja-minas-novo-programa-de-prevencao-a-violencia-contra-a-mulher","status":"publish","type":"post","link":"https:\/\/diarioregionaldigital.com.br\/?p=226319","title":{"rendered":"Governo do Estado lan\u00e7a Proteja Minas, novo programa de preven\u00e7\u00e3o \u00e0 viol\u00eancia contra a mulher"},"content":{"rendered":"<p><main class=\"clear margin-md-bottom-3\"><\/p>\n<div class=\"clear \">\n<p>O\u00a0<a href=\"https:\/\/www.mg.gov.br\/\" target=\"_blank\" rel=\"noopener\">Governo de Minas<\/a>\u00a0lan\u00e7ou, nesta quarta-feira (15\/1), o Proteja Minas, um novo programa voltado \u00e0 preven\u00e7\u00e3o e ao enfrentamento \u00e0 viol\u00eancia contra a mulher. O objetivo da a\u00e7\u00e3o \u00e9 abordar e trabalhar a preven\u00e7\u00e3o desse tipo de crime contra mulheres e meninas \u2013 especialmente aquelas que ainda n\u00e3o possuem qualquer hist\u00f3rico de viol\u00eancia dom\u00e9stica.<\/p>\n<p>Atendimentos diretos, voltados para elas, v\u00e3o ocorrer por meio de Unidades de Preven\u00e7\u00e3o \u00e0 Criminalidade (UPCs) instaladas em cidades de todo o estado. Essas abordagens ser\u00e3o realizadas por equipes multidisciplinares de psic\u00f3logos, assistentes sociais e profissionais do Direito.<\/p>\n<p>O vice-governador Professor Mateus esteve na cerim\u00f4nia de lan\u00e7amento do programa e ressaltou a import\u00e2ncia do projeto para as mulheres do estado. \u201cO Proteja Minas \u00e9 uma a\u00e7\u00e3o focada na redu\u00e7\u00e3o dos \u00edndices de viol\u00eancia contra a mulher. O que diferencia este projeto dos demais j\u00e1 em funcionamento \u00e9 sua abordagem, que vai al\u00e9m da recep\u00e7\u00e3o e acolhimento da mulher v\u00edtima de viol\u00eancia\u201d, disse.<\/p>\n<table border=\"0\" cellspacing=\"1\" cellpadding=\"1\" align=\"center\">\n<tbody>\n<tr>\n<td colspan=\"5\"><img decoding=\"async\" src=\"https:\/\/www.agenciaminas.mg.gov.br\/ckeditor_assets\/pictures\/20949\/content_2_olho_topo.jpg\" alt=\"\" \/><\/td>\n<\/tr>\n<tr>\n<td><\/td>\n<td colspan=\"3\" rowspan=\"3\">\n<h1><strong>&#8220;\u00c9 um programa que atua de forma preventiva, atendendo mulheres que est\u00e3o em situa\u00e7\u00f5es de risco, onde a viol\u00eancia pode se instalar, evitando que perfis identificados como potenciais agressores evoluam para comportamentos violentos&#8221;, acrescentou Professor Mateus.<\/strong><\/h1>\n<\/td>\n<td><\/td>\n<\/tr>\n<tr>\n<td><\/td>\n<td><\/td>\n<\/tr>\n<tr>\n<td><\/td>\n<td><\/td>\n<\/tr>\n<tr>\n<td colspan=\"5\"><img decoding=\"async\" src=\"https:\/\/www.agenciaminas.mg.gov.br\/ckeditor_assets\/pictures\/20950\/content_2_olho_inferior.jpg\" alt=\"\" \/><\/td>\n<\/tr>\n<\/tbody>\n<\/table>\n<p>Os atendimentos do Proteja Minas ser\u00e3o tanto individuais \u2013 para acolhimento, acompanhamento at\u00e9 o encaminhamento das mulheres para a rede parceira, para outras provid\u00eancias \u2013 quanto coletivos, com a realiza\u00e7\u00e3o de oficinas, grupos reflexivos para mulheres em situa\u00e7\u00e3o de viol\u00eancia, rodas de conversa, palestras e f\u00f3runs.<\/p>\n<p>As rodas de conversa, palestras e f\u00f3runs v\u00e3o extrapolar o ambiente da UPC e alcan\u00e7ar escolas, associa\u00e7\u00f5es de bairros, entre outros. Essas atividades ser\u00e3o voltadas para meninas e mulheres que n\u00e3o t\u00eam hist\u00f3rico de viol\u00eancia, para criar uma rede de preven\u00e7\u00e3o, prote\u00e7\u00e3o e informa\u00e7\u00e3o desde a inf\u00e2ncia e adolesc\u00eancia.<\/p>\n<p>A subsecret\u00e1ria de Preven\u00e7\u00e3o Social \u00e0 Criminalidade da\u00a0<a href=\"https:\/\/www.seguranca.mg.gov.br\/\" target=\"_blank\" rel=\"noopener\">Secretaria de Estado de Justi\u00e7a e Seguran\u00e7a P\u00fablica (Sejusp)<\/a>, Christiana Dornas, explicou que a meta do programa \u00e9 alcan\u00e7ar e dar a eles o direito de acessar a rede de prote\u00e7\u00e3o.<\/p>\n<table border=\"0\" cellspacing=\"1\" cellpadding=\"1\" align=\"center\">\n<tbody>\n<tr>\n<td colspan=\"5\"><img decoding=\"async\" src=\"https:\/\/www.agenciaminas.mg.gov.br\/ckeditor_assets\/pictures\/20949\/content_2_olho_topo.jpg\" alt=\"\" \/><\/td>\n<\/tr>\n<tr>\n<td><\/td>\n<td colspan=\"3\" rowspan=\"3\">\n<h1><strong>&#8220;Vamos atender mulheres, meninas e jovens, englobando tamb\u00e9m a viol\u00eancia de g\u00eanero. E isso \u00e9 um diferencial do programa Proteja Minas. Um p\u00fablico que a gente traz de novo s\u00e3o os homens que n\u00e3o est\u00e3o ainda respondendo por um crime da Lei Maria da Penha, mas que est\u00e3o imersos em uma cultura que naturaliza a viol\u00eancia contra a mulher. O objetivo \u00e9 atuar para que n\u00e3o se tornem agressores, mas sim fatores de prote\u00e7\u00e3o para as mulheres&#8221;, explicou Christiana Dornas.<\/strong><\/h1>\n<\/td>\n<td><\/td>\n<\/tr>\n<tr>\n<td><\/td>\n<td><\/td>\n<\/tr>\n<tr>\n<td><\/td>\n<td><\/td>\n<\/tr>\n<tr>\n<td colspan=\"5\"><img decoding=\"async\" src=\"https:\/\/www.agenciaminas.mg.gov.br\/ckeditor_assets\/pictures\/20950\/content_2_olho_inferior.jpg\" alt=\"\" \/><\/td>\n<\/tr>\n<\/tbody>\n<\/table>\n<p>O novo Proteja Minas ser\u00e1 desenvolvido pela Pol\u00edtica de Preven\u00e7\u00e3o Social \u00e0 Criminalidade da Sejusp. A \u00e1rea \u00e9 reconhecida por programas com redu\u00e7\u00e3o comprovada da criminalidade, como o Fica Vivo! e o Media\u00e7\u00e3o de Conflitos.<\/p>\n<p>O secret\u00e1rio de Estado de Justi\u00e7a e Seguran\u00e7a P\u00fablica, Rog\u00e9rio Greco, reafirmou o compromisso com o programa.<\/p>\n<table border=\"0\" cellspacing=\"1\" cellpadding=\"1\" align=\"center\">\n<tbody>\n<tr>\n<td colspan=\"5\"><img decoding=\"async\" src=\"https:\/\/www.agenciaminas.mg.gov.br\/ckeditor_assets\/pictures\/20949\/content_2_olho_topo.jpg\" alt=\"\" \/><\/td>\n<\/tr>\n<tr>\n<td><\/td>\n<td colspan=\"3\" rowspan=\"3\">\n<h1><strong>&#8220;Estamos comprometidos em enfrentar a viol\u00eancia contra a mulher de forma integrada e efetiva. O Proteja Minas refor\u00e7a a preven\u00e7\u00e3o e o acolhimento para romper o ciclo da viol\u00eancia&#8221;, disse Rog\u00e9rio Greco.<\/strong><\/h1>\n<\/td>\n<td><\/td>\n<\/tr>\n<tr>\n<td><\/td>\n<td><\/td>\n<\/tr>\n<tr>\n<td><\/td>\n<td><\/td>\n<\/tr>\n<tr>\n<td colspan=\"5\"><img decoding=\"async\" src=\"https:\/\/www.agenciaminas.mg.gov.br\/ckeditor_assets\/pictures\/20950\/content_2_olho_inferior.jpg\" alt=\"\" \/><\/td>\n<\/tr>\n<\/tbody>\n<\/table>\n<p><strong>Piloto come\u00e7a por Ub\u00e1<\/strong><\/p>\n<p>A primeira cidade a receber o Proteja Minas no estado ser\u00e1 Ub\u00e1, na Zona da Mata, escolhida a partir de um \u00edndice desenvolvido pelo Observat\u00f3rio de Seguran\u00e7a P\u00fablica da Sejusp que considera dois aspectos entre cidades com mais de 100 mil habitantes: taxas de feminic\u00eddio e viol\u00eancia dom\u00e9stica, al\u00e9m da aus\u00eancia ou presen\u00e7a de equipamentos especializados de prote\u00e7\u00e3o \u00e0 mulher.<\/p>\n<p>Os atendimentos na UPC de Ub\u00e1 devem come\u00e7ar na primeira quinzena de mar\u00e7o. No entanto, o Proteja Minas j\u00e1 iniciou a realiza\u00e7\u00e3o de campanhas e capacita\u00e7\u00f5es ampliadas, de forma imediata. No evento, foi lan\u00e7ado um podcast que tem como objetivo disseminar informa\u00e7\u00f5es sobre a preven\u00e7\u00e3o \u00e0 viol\u00eancia contra a mulher em linguagem simples, acess\u00edvel e direta.<\/p>\n<p>Campanhas tamb\u00e9m ser\u00e3o permanentemente realizadas pelo programa, com a mesma tem\u00e1tica de preven\u00e7\u00e3o, na busca da promo\u00e7\u00e3o de mudan\u00e7as culturais e comportamentais.<\/p>\n<p>A expectativa \u00e9 que o Proteja Minas seja um agregador de a\u00e7\u00f5es interinstitucionais para prote\u00e7\u00e3o e preven\u00e7\u00e3o tamb\u00e9m dentro das pr\u00f3prias institui\u00e7\u00f5es de Seguran\u00e7a P\u00fablica. O programa realizar\u00e1 capacita\u00e7\u00f5es espec\u00edficas para esse p\u00fablico e criar\u00e1 um protocolo interno de atua\u00e7\u00e3o.<\/p>\n<p><strong>Minas tem queda de feminic\u00eddios<\/strong><\/p>\n<p>O Governo de Minas Gerais desenvolve e estimula diversas pol\u00edticas de combate \u00e0 viol\u00eancia contra a mulher em todo o estado, em busca de prestar aux\u00edlio necess\u00e1rio \u00e0s v\u00edtimas, atuar na preven\u00e7\u00e3o de casos enquadrados na Lei Maria da Penha e, sobretudo, impedir as ocorr\u00eancias de feminic\u00eddio. As a\u00e7\u00f5es no \u00e2mbito da administra\u00e7\u00e3o p\u00fablica estadual s\u00e3o permanentes e integradas entre diversos \u00f3rg\u00e3os e institui\u00e7\u00f5es.<\/p>\n<p>O estado conta com 70 Delegacias de Atendimento \u00e0 Mulher em funcionamento. O foco dessas unidades \u00e9 prestar o suporte \u00e0s v\u00edtimas de viol\u00eancia, incluindo casos de importuna\u00e7\u00e3o ofensiva e viol\u00eancia dom\u00e9stica e sexual. De janeiro a novembro de 2024, mais de 27 mil pessoas foram indiciadas pela pr\u00e1tica de crimes de viol\u00eancia contra a mulher em Minas.<\/p>\n<p>Os esfor\u00e7os integrados para redu\u00e7\u00e3o da viol\u00eancia contra a mulher renderam importantes resultados em 2024. O n\u00famero de v\u00edtimas de feminic\u00eddio consumado apresentou queda de 16,5% em Minas, passando de 187, em 2023, para 156, em 2024.<\/p>\n<p>Fonte: Ag\u00eancia Minas<\/p>\n<\/div>\n<p><\/main><\/p>\n","protected":false},"excerpt":{"rendered":"<p>O\u00a0Governo de Minas\u00a0lan\u00e7ou, nesta quarta-feira (15\/1), o Proteja Minas, um novo programa voltado \u00e0 preven\u00e7\u00e3o e ao enfrentamento \u00e0 viol\u00eancia contra a mulher. O objetivo da a\u00e7\u00e3o \u00e9 abordar e trabalhar a preven\u00e7\u00e3o desse tipo de crime contra mulheres e meninas \u2013 especialmente aquelas que ainda n\u00e3o possuem qualquer hist\u00f3rico de viol\u00eancia dom\u00e9stica. Atendimentos diretos, [&hellip;]<\/p>\n","protected":false},"author":246,"featured_media":226320,"comment_status":"closed","ping_status":"closed","sticky":false,"template":"","format":"standard","meta":{"footnotes":""},"categories":[436,440,261,254,439],"tags":[],"class_list":["post-226319","post","type-post","status-publish","format-standard","has-post-thumbnail","hentry","category-destaque-da-semana","category-destaques-do-dia","category-economia","category-politica","category-ultima-hora"],"_links":{"self":[{"href":"https:\/\/diarioregionaldigital.com.br\/index.php?rest_route=\/wp\/v2\/posts\/226319","targetHints":{"allow":["GET"]}}],"collection":[{"href":"https:\/\/diarioregionaldigital.com.br\/index.php?rest_route=\/wp\/v2\/posts"}],"about":[{"href":"https:\/\/diarioregionaldigital.com.br\/index.php?rest_route=\/wp\/v2\/types\/post"}],"author":[{"embeddable":true,"href":"https:\/\/diarioregionaldigital.com.br\/index.php?rest_route=\/wp\/v2\/users\/246"}],"replies":[{"embeddable":true,"href":"https:\/\/diarioregionaldigital.com.br\/index.php?rest_route=%2Fwp%2Fv2%2Fcomments&post=226319"}],"version-history":[{"count":1,"href":"https:\/\/diarioregionaldigital.com.br\/index.php?rest_route=\/wp\/v2\/posts\/226319\/revisions"}],"predecessor-version":[{"id":226321,"href":"https:\/\/diarioregionaldigital.com.br\/index.php?rest_route=\/wp\/v2\/posts\/226319\/revisions\/226321"}],"wp:featuredmedia":[{"embeddable":true,"href":"https:\/\/diarioregionaldigital.com.br\/index.php?rest_route=\/wp\/v2\/media\/226320"}],"wp:attachment":[{"href":"https:\/\/diarioregionaldigital.com.br\/index.php?rest_route=%2Fwp%2Fv2%2Fmedia&parent=226319"}],"wp:term":[{"taxonomy":"category","embeddable":true,"href":"https:\/\/diarioregionaldigital.com.br\/index.php?rest_route=%2Fwp%2Fv2%2Fcategories&post=226319"},{"taxonomy":"post_tag","embeddable":true,"href":"https:\/\/diarioregionaldigital.com.br\/index.php?rest_route=%2Fwp%2Fv2%2Ftags&post=226319"}],"curies":[{"name":"wp","href":"https:\/\/api.w.org\/{rel}","templated":true}]}}