{"id":226316,"date":"2025-01-15T19:34:45","date_gmt":"2025-01-15T22:34:45","guid":{"rendered":"https:\/\/diarioregionaldigital.com.br\/?p=226316"},"modified":"2025-01-15T19:34:45","modified_gmt":"2025-01-15T22:34:45","slug":"turismo-cultural-gera-recordes-de-publico-em-minas-gerais-e-reforca-a-lideranca-do-estado-no-cenario-nacional","status":"publish","type":"post","link":"https:\/\/diarioregionaldigital.com.br\/?p=226316","title":{"rendered":"Turismo cultural gera recordes de p\u00fablico em Minas Gerais e refor\u00e7a a lideran\u00e7a do estado no cen\u00e1rio nacional"},"content":{"rendered":"<p>Em 2024, o turismo cultural reafirmou Minas Gerais como refer\u00eancia no segmento e foi respons\u00e1vel por atrair p\u00fablicos recordes a museus e equipamentos culturais em todo o estado.<\/p>\n<p>O\u00a0<a href=\"http:\/\/www.circuitoliberdade.mg.gov.br\/pt-br\/\" target=\"_blank\" rel=\"noopener\">Circuito Liberdade<\/a>, em Belo Horizonte, e o\u00a0<a href=\"http:\/\/www.sistemademuseus.mg.gov.br\/\" target=\"_blank\" rel=\"noopener\">Sistema Estadual de Museus<\/a>, composto por 479 museus localizados nas mais diversas regi\u00f5es de Minas, contabilizaram, em 2024, uma visita\u00e7\u00e3o recorde de 9,7 milh\u00f5es de pessoas.<\/p>\n<p>Recorde tamb\u00e9m no Museu da Inconfid\u00eancia, em Ouro Preto, que chegou ao n\u00famero hist\u00f3rico de 347 mil visitantes, o maior desde a sua inaugura\u00e7\u00e3o, em 1944.<\/p>\n<p>Com 7,4 milh\u00f5es de visitantes, o Circuito Liberdade apresentou crescimento em rela\u00e7\u00e3o a 2023, ano em que atraiu 7 milh\u00f5es de pessoas, reafirma sua import\u00e2ncia e seu protagonismo como um polo de inova\u00e7\u00e3o e cultura, sediando exposi\u00e7\u00f5es de arte contempor\u00e2nea, mostras de cinema, festivais liter\u00e1rios e atividades educativas.<\/p>\n<p>\u201cMinas Gerais se fortalece como o cora\u00e7\u00e3o cultural do pa\u00eds, com seus mais de 400 museus, um acervo hist\u00f3rico inigual\u00e1vel e uma programa\u00e7\u00e3o diversa que encanta visitantes de todas as partes. O turismo cultural impulsiona n\u00e3o apenas as visitas aos museus e a centros culturais, mas tamb\u00e9m gera empregos e movimenta a economia regional\u201d, ressalta o secret\u00e1rio de Estado de Cultura e Turismo de Minas Gerais, Le\u00f4nidas de Oliveira.<\/p>\n<p><strong>N\u00fameros marcantes em 2024<\/strong><\/p>\n<p>O Centro Cultural Banco do Brasil (CCBB BH) recebeu um p\u00fablico de mais de 1 milh\u00e3o de pessoas. Destaque para exposi\u00e7\u00f5es como \u201cTesouros Ancestrais do Peru\u201d, vista por 201.373 pessoas, \u201cEncruzilhadas da Arte Afro-Brasileira\u201d, que reuniu um p\u00fablico de 184.424 visitantes, e \u201cMundo Zira &#8211; Ziraldo Interativo\u201d, cujo p\u00fablico chegou a 135.243 pessoas.<\/p>\n<p>Na Casa Fiat de Cultura, 53 mil pessoas prestigiaram a exposi\u00e7\u00e3o \u201cArte Brasileira: A Cole\u00e7\u00e3o do MAP\u201d, enquanto \u201cPancetti: o mar quando quebra na praia\u2026\u201d e \u201cPimpa na Casa Fiat de Cultura\u201d receberam, respectivamente, 43 mil e 52 mil visitantes.<\/p>\n<p>Com mais de 12 mil atividades realizadas, em sua maioria gratuitas ou a pre\u00e7os populares, o Circuito Liberdade tamb\u00e9m atraiu cerca de 85 mil alunos de escolas p\u00fablicas e recebeu 2 mil institui\u00e7\u00f5es de ensino em visitas escolares.<\/p>\n<p>Mais de 315 mil pessoas compareceram aos 2.164 eventos realizados no Pal\u00e1cio das Artes em 2024. N\u00fameros expressivos tamb\u00e9m no Pal\u00e1cio da Liberdade, que recebeu mais de 250 mil visitantes.<\/p>\n<p>Um dos principais cart\u00f5es-postais da capital mineira, a Pra\u00e7a da Liberdade, local que tamb\u00e9m foi palco de diversas a\u00e7\u00f5es culturais no ano passado, atraiu, somente em dezembro, durante o Natal da Mineiridade, 1,5 milh\u00e3o de pessoas.<\/p>\n<p><strong>Impacto do turismo no estado<\/strong><\/p>\n<p>O turismo em Minas Gerais apresentou um crescimento de 100% acima da m\u00e9dia nacional em 2024, segundo dados do IBGE. O estado recebeu mais de 32 milh\u00f5es de turistas ao longo do ano.<\/p>\n<p>Avan\u00e7o tamb\u00e9m no n\u00famero de visitantes estrangeiros: foram 42,6 mil turistas de outros pa\u00edses, um aumento de 10,6% em rela\u00e7\u00e3o a 2023, de acordo com dados do Minist\u00e9rio do Turismo, da Embratur e da Pol\u00edcia Federal.<\/p>\n<p>\u201cO turismo cultural \u00e9 um motor para o desenvolvimento econ\u00f4mico, representando quase 7% do PIB de Minas Gerais e garantindo milhares de empregos em todo o estado\u201d, refor\u00e7a o secret\u00e1rio de Estado de\u00a0<a href=\"https:\/\/www.secult.mg.gov.br\/\" target=\"_blank\" rel=\"noopener\">Cultura e Turismo de Minas Gerais<\/a>, Le\u00f4nidas de Oliveira.<\/p>\n<p>De janeiro a outubro de 2024, o setor do turismo gerou cerca de 20 mil novos postos de trabalho. Ao todo, o turismo \u00e9 respons\u00e1vel por gerar empregos formais com carteira assinada para 435.320 pessoas em Minas Gerais.<\/p>\n<p>Fonte: Ag\u00eancia Minas<\/p>\n","protected":false},"excerpt":{"rendered":"<p>Em 2024, o turismo cultural reafirmou Minas Gerais como refer\u00eancia no segmento e foi respons\u00e1vel por atrair p\u00fablicos recordes a museus e equipamentos culturais em todo o estado. O\u00a0Circuito Liberdade, em Belo Horizonte, e o\u00a0Sistema Estadual de Museus, composto por 479 museus localizados nas mais diversas regi\u00f5es de Minas, contabilizaram, em 2024, uma visita\u00e7\u00e3o recorde [&hellip;]<\/p>\n","protected":false},"author":246,"featured_media":226317,"comment_status":"closed","ping_status":"closed","sticky":false,"template":"","format":"standard","meta":{"footnotes":""},"categories":[436,261,252,439],"tags":[],"class_list":["post-226316","post","type-post","status-publish","format-standard","has-post-thumbnail","hentry","category-destaque-da-semana","category-economia","category-regiao","category-ultima-hora"],"_links":{"self":[{"href":"https:\/\/diarioregionaldigital.com.br\/index.php?rest_route=\/wp\/v2\/posts\/226316","targetHints":{"allow":["GET"]}}],"collection":[{"href":"https:\/\/diarioregionaldigital.com.br\/index.php?rest_route=\/wp\/v2\/posts"}],"about":[{"href":"https:\/\/diarioregionaldigital.com.br\/index.php?rest_route=\/wp\/v2\/types\/post"}],"author":[{"embeddable":true,"href":"https:\/\/diarioregionaldigital.com.br\/index.php?rest_route=\/wp\/v2\/users\/246"}],"replies":[{"embeddable":true,"href":"https:\/\/diarioregionaldigital.com.br\/index.php?rest_route=%2Fwp%2Fv2%2Fcomments&post=226316"}],"version-history":[{"count":1,"href":"https:\/\/diarioregionaldigital.com.br\/index.php?rest_route=\/wp\/v2\/posts\/226316\/revisions"}],"predecessor-version":[{"id":226318,"href":"https:\/\/diarioregionaldigital.com.br\/index.php?rest_route=\/wp\/v2\/posts\/226316\/revisions\/226318"}],"wp:featuredmedia":[{"embeddable":true,"href":"https:\/\/diarioregionaldigital.com.br\/index.php?rest_route=\/wp\/v2\/media\/226317"}],"wp:attachment":[{"href":"https:\/\/diarioregionaldigital.com.br\/index.php?rest_route=%2Fwp%2Fv2%2Fmedia&parent=226316"}],"wp:term":[{"taxonomy":"category","embeddable":true,"href":"https:\/\/diarioregionaldigital.com.br\/index.php?rest_route=%2Fwp%2Fv2%2Fcategories&post=226316"},{"taxonomy":"post_tag","embeddable":true,"href":"https:\/\/diarioregionaldigital.com.br\/index.php?rest_route=%2Fwp%2Fv2%2Ftags&post=226316"}],"curies":[{"name":"wp","href":"https:\/\/api.w.org\/{rel}","templated":true}]}}