{"id":226301,"date":"2025-01-14T19:15:14","date_gmt":"2025-01-14T22:15:14","guid":{"rendered":"https:\/\/diarioregionaldigital.com.br\/?p=226301"},"modified":"2025-01-14T19:15:14","modified_gmt":"2025-01-14T22:15:14","slug":"reparacao-brumadinho-municipios-da-bacia-do-paraopeba-recebem-equipamentos-e-recursos-para-reforcar-atencao-primaria-a-saude","status":"publish","type":"post","link":"https:\/\/diarioregionaldigital.com.br\/?p=226301","title":{"rendered":"Repara\u00e7\u00e3o Brumadinho: munic\u00edpios da Bacia do Paraopeba recebem equipamentos e recursos para refor\u00e7ar aten\u00e7\u00e3o prim\u00e1ria \u00e0 sa\u00fade"},"content":{"rendered":"<p>Modernizar e melhorar o servi\u00e7o p\u00fablico de sa\u00fade est\u00e1 entre as a\u00e7\u00f5es priorit\u00e1rias na regi\u00e3o atingida pelo rompimento da barragem em Brumadinho. Diversas inciativas est\u00e3o sendo implementadas, entre elas o projeto de Fortalecimento da Aten\u00e7\u00e3o Prim\u00e1ria \u00e0 Sa\u00fade para 25 munic\u00edpios da Bacia do Paraopeba. No segundo semestre de 2024, foram iniciadas as entregas de equipamentos e ve\u00edculos destinados \u00e0s prefeituras para utiliza\u00e7\u00e3o no Sistema \u00danico de Sa\u00fade (SUS).<\/p>\n<p>Os primeiros munic\u00edpios que receberam os itens foram Esmeraldas, Felixl\u00e2ndia, Florestal, Morada Nova de Minas, Papagaios e Tr\u00eas Marias. Foram entregues 357 equipamentos, incluindo ve\u00edculos para transporte de pacientes, aparelhos de ar-condicionado, macas, cadeiras, arm\u00e1rios, eletrocardi\u00f3grafos e desfibriladores autom\u00e1ticos. Cada cidade segue um cronograma espec\u00edfico de entrega, baseado nas demandas e nos planos de trabalho previamente aprovados.<\/p>\n<p>\u201cCom esse projeto, temos o objetivo de qualificar as equipes de sa\u00fade e aprimorar a estrutura das unidades para atender melhor a popula\u00e7\u00e3o local. A entrega dos equipamentos busca proporcionar melhores condi\u00e7\u00f5es de trabalho para as equipes e servi\u00e7os mais adequados aos moradores da regi\u00e3o, que ainda convivem com os impactos do rompimento da barragem\u201d, afirma o secret\u00e1rio de\u00a0<a href=\"https:\/\/www.saude.mg.gov.br\/\" target=\"_blank\" rel=\"noopener\">Estado de Sa\u00fade<\/a>\u00a0de Minas Gerais, F\u00e1bio Baccheretti.<\/p>\n<p>A iniciativa tem valor estimado de R$ 65,6 milh\u00f5es e integra o Anexo I.3 do\u00a0<a href=\"https:\/\/www.mg.gov.br\/pro-brumadinho\/pagina\/entenda-o-acordo-judicial-de-reparacao-ao-rompimento-em-brumadinho\" target=\"_blank\" rel=\"noopener\">Acordo de Repara\u00e7\u00e3o<\/a>\u00a0firmado pelo\u00a0<a href=\"https:\/\/www.mg.gov.br\/\" target=\"_blank\" rel=\"noopener\">Governo de Minas<\/a>, o Minist\u00e9rio P\u00fablico de Minas Gerais (MPMG), o Minist\u00e9rio P\u00fablico Federal (MPF) e a Defensoria P\u00fablica de Minas Gerais (DPMG) com a Vale S.A. O rompimento em Brumadinho, ocorrido em janeiro de 2019, tirou a vida de 272 pessoas e gerou uma s\u00e9rie de impactos sociais, econ\u00f4micos e ambientais.<\/p>\n<figure class=\"image\"><a href=\"https:\/\/www.agenciaminas.mg.gov.br\/ckeditor_assets\/attachments\/22246\/infografico_materia-atencao-primaria.jpg\" target=\"_blank\" rel=\"noopener\"><img decoding=\"async\" src=\"https:\/\/www.agenciaminas.mg.gov.br\/ckeditor_assets\/pictures\/22245\/content_infografico_materia-atencao-primaria.jpg\" alt=\"\" \/><\/a><figcaption><sub><em>Seplag \/ Divulga\u00e7\u00e3o (clique para ampliar a imagem)<\/em><\/sub><\/figcaption><\/figure>\n<p><strong>Fortalecimento da Aten\u00e7\u00e3o Prim\u00e1ria \u00e0 Sa\u00fade<\/strong><\/p>\n<p>O projeto tem um formato de execu\u00e7\u00e3o h\u00edbrido e \u00e9 dividido em dois blocos. O custeio envolve contrata\u00e7\u00e3o de equipes e despesas operacionais e \u00e9 executado pelas prefeituras a partir do repasse de recursos.<\/p>\n<p>J\u00e1 o bloco de investimentos abrange a entrega de equipamentos e ve\u00edculos e a implementa\u00e7\u00e3o de melhorias na infraestrutura das unidades de sa\u00fade. Este \u00faltimo \u00e9 executado pela Vale e tem valor estimado em R$ 19,7 milh\u00f5es (atualizado pelo IPCA).<\/p>\n<p>Em Papagaios, a prefeitura recebeu quatro eletrocardi\u00f3grafos e tr\u00eas desfibriladores autom\u00e1ticos, al\u00e9m do repasse de valores para custeio de insumos e pagamento de funcion\u00e1rios.<\/p>\n<p>\u201cAmpliamos as equipes com a contrata\u00e7\u00e3o de dois psic\u00f3logos, dois nutricionistas, dois t\u00e9cnicos de enfermagem e um enfermeiro. Temos ainda a previs\u00e3o de entrega de ve\u00edculos e consult\u00f3rio odontol\u00f3gico. Tudo isso tem nos ajudado bastante a estruturar as equipes e as instala\u00e7\u00f5es para atender melhor toda a popula\u00e7\u00e3o\u201d, relata o secret\u00e1rio municipal de Sa\u00fade de Papagaios, Danilo Santana.<\/p>\n<p>At\u00e9 o momento, os 25 munic\u00edpios envolvidos receberam a primeira parcela dos recursos de custeio e quatro j\u00e1 avan\u00e7aram para a segunda parcela, com base no cumprimento do plano de trabalho.<\/p>\n<p>\u201cFizemos um plano de trabalho para aumentar os m\u00e9dicos, porque t\u00ednhamos uma demanda bem grande no munic\u00edpio e na \u00e1rea atingida. Dessa forma, conseguimos colocar m\u00e9dicos nas \u00e1reas mais afastadas. Esses m\u00e9dicos buscam apoio nas Unidades B\u00e1sicas, fortalecendo o servi\u00e7o do cuidado na aten\u00e7\u00e3o prim\u00e1ria\u201d, conta a secret\u00e1ria de Sa\u00fade de Igarap\u00e9, Bruna Barber\u00e1.<\/p>\n<p>Fonte: Ag\u00eancia Minas<\/p>\n","protected":false},"excerpt":{"rendered":"<p>Modernizar e melhorar o servi\u00e7o p\u00fablico de sa\u00fade est\u00e1 entre as a\u00e7\u00f5es priorit\u00e1rias na regi\u00e3o atingida pelo rompimento da barragem em Brumadinho. Diversas inciativas est\u00e3o sendo implementadas, entre elas o projeto de Fortalecimento da Aten\u00e7\u00e3o Prim\u00e1ria \u00e0 Sa\u00fade para 25 munic\u00edpios da Bacia do Paraopeba. No segundo semestre de 2024, foram iniciadas as entregas de [&hellip;]<\/p>\n","protected":false},"author":246,"featured_media":226302,"comment_status":"closed","ping_status":"closed","sticky":false,"template":"","format":"standard","meta":{"footnotes":""},"categories":[436,261,254,252,439],"tags":[],"class_list":["post-226301","post","type-post","status-publish","format-standard","has-post-thumbnail","hentry","category-destaque-da-semana","category-economia","category-politica","category-regiao","category-ultima-hora"],"_links":{"self":[{"href":"https:\/\/diarioregionaldigital.com.br\/index.php?rest_route=\/wp\/v2\/posts\/226301","targetHints":{"allow":["GET"]}}],"collection":[{"href":"https:\/\/diarioregionaldigital.com.br\/index.php?rest_route=\/wp\/v2\/posts"}],"about":[{"href":"https:\/\/diarioregionaldigital.com.br\/index.php?rest_route=\/wp\/v2\/types\/post"}],"author":[{"embeddable":true,"href":"https:\/\/diarioregionaldigital.com.br\/index.php?rest_route=\/wp\/v2\/users\/246"}],"replies":[{"embeddable":true,"href":"https:\/\/diarioregionaldigital.com.br\/index.php?rest_route=%2Fwp%2Fv2%2Fcomments&post=226301"}],"version-history":[{"count":1,"href":"https:\/\/diarioregionaldigital.com.br\/index.php?rest_route=\/wp\/v2\/posts\/226301\/revisions"}],"predecessor-version":[{"id":226303,"href":"https:\/\/diarioregionaldigital.com.br\/index.php?rest_route=\/wp\/v2\/posts\/226301\/revisions\/226303"}],"wp:featuredmedia":[{"embeddable":true,"href":"https:\/\/diarioregionaldigital.com.br\/index.php?rest_route=\/wp\/v2\/media\/226302"}],"wp:attachment":[{"href":"https:\/\/diarioregionaldigital.com.br\/index.php?rest_route=%2Fwp%2Fv2%2Fmedia&parent=226301"}],"wp:term":[{"taxonomy":"category","embeddable":true,"href":"https:\/\/diarioregionaldigital.com.br\/index.php?rest_route=%2Fwp%2Fv2%2Fcategories&post=226301"},{"taxonomy":"post_tag","embeddable":true,"href":"https:\/\/diarioregionaldigital.com.br\/index.php?rest_route=%2Fwp%2Fv2%2Ftags&post=226301"}],"curies":[{"name":"wp","href":"https:\/\/api.w.org\/{rel}","templated":true}]}}