{"id":226298,"date":"2025-01-14T19:11:56","date_gmt":"2025-01-14T22:11:56","guid":{"rendered":"https:\/\/diarioregionaldigital.com.br\/?p=226298"},"modified":"2025-01-14T19:11:56","modified_gmt":"2025-01-14T22:11:56","slug":"minas-gerais-lidera-o-turismo-no-brasil-pelo-segundo-ano-consecutivo","status":"publish","type":"post","link":"https:\/\/diarioregionaldigital.com.br\/?p=226298","title":{"rendered":"Minas Gerais lidera o turismo no Brasil pelo segundo ano consecutivo"},"content":{"rendered":"<p>Com crescimento 100% acima da m\u00e9dia nacional em 2024, Minas Gerais consolidou sua lideran\u00e7a no turismo do pa\u00eds, segundo dados do Instituto Brasileiro de Geografia e Estat\u00edstica (IBGE). A posi\u00e7\u00e3o reafirma o setor como fundamental no desenvolvimento econ\u00f4mico do estado, respondendo por quase 7% do Produto Interno Bruto (PIB) mineiro e assegurando milhares de empregos.<\/p>\n<p>Ao todo, mais de 32 milh\u00f5es de turistas estiveram em Minas Gerais em 2024. Desse total, cerca de 42,6 mil visitantes s\u00e3o estrangeiros, n\u00famero 10,6% maior em rela\u00e7\u00e3o ao ano anterior, de acordo com Minist\u00e9rio do Turismo, Ag\u00eancia Brasileira de Promo\u00e7\u00e3o Internacional do Turismo (Embratur) e Pol\u00edcia Federal. Entre janeiro e outubro de 2024, o segmento respondeu pela cria\u00e7\u00e3o de quase 20 mil postos de trabalho.<\/p>\n<table border=\"0\" cellspacing=\"1\" cellpadding=\"1\" align=\"center\">\n<tbody>\n<tr>\n<td colspan=\"5\"><img decoding=\"async\" src=\"https:\/\/www.agenciaminas.mg.gov.br\/ckeditor_assets\/pictures\/20949\/content_2_olho_topo.jpg\" alt=\"\" \/><\/td>\n<\/tr>\n<tr>\n<td><\/td>\n<td colspan=\"3\" rowspan=\"3\">\n<h1><strong>&#8220;O ano de 2024 ficar\u00e1 marcado como um per\u00edodo de conquistas hist\u00f3ricas para o turismo em Minas Gerais. Os n\u00fameros comprovam que Minas se consolidou como destino de destaque, atraindo n\u00e3o apenas visitantes nacionais, mas tamb\u00e9m um n\u00famero crescente de turistas internacionais&#8221;, disse o governador Romeu Zema.<\/strong><\/h1>\n<\/td>\n<td><\/td>\n<\/tr>\n<tr>\n<td><\/td>\n<td><\/td>\n<\/tr>\n<tr>\n<td><\/td>\n<td><\/td>\n<\/tr>\n<tr>\n<td colspan=\"5\"><img decoding=\"async\" src=\"https:\/\/www.agenciaminas.mg.gov.br\/ckeditor_assets\/pictures\/20950\/content_2_olho_inferior.jpg\" alt=\"\" \/><\/td>\n<\/tr>\n<\/tbody>\n<\/table>\n<p>\u201cContinuaremos trabalhando para que Minas Gerais siga encantando o mundo, promovendo desenvolvimento e fortalecendo nossa mineiridade como s\u00edmbolo de acolhimento e inova\u00e7\u00e3o\u201d, completou o governador do estado.<\/p>\n<p>Sustenta o grande momento do turismo mineiro uma s\u00f3lida estrat\u00e9gia do\u00a0<a href=\"https:\/\/www.mg.gov.br\/\" target=\"_blank\" rel=\"noopener\">Governo de Minas<\/a>, com projetos como o Carnaval da Liberdade, o Inverno em Minas e o Natal da Mineiridade. No Carnaval, por exemplo, a economia de Minas foi impactada em quase R$ 5 bilh\u00f5es, garantindo mais de 100 mil empregos tempor\u00e1rios. Na Semana Santa, 500 mil pessoas visitaram diversos destinos culturais e religiosos, movimentando 600 cidades.<\/p>\n<p>H\u00e1 outras iniciativas permanentes desenvolvidas pela\u00a0<a href=\"https:\/\/www.secult.mg.gov.br\/\" target=\"_blank\" rel=\"noopener\">Secretaria de Estado de Cultura e Turismo de Minas Gerais (Secult-MG)<\/a>, como o Plano Diretor do Turismo Verde, que abrange o Selo Turismo Verde Minas, coordenado pela\u00a0<a href=\"http:\/\/www.codemge.com.br\/\" target=\"_blank\" rel=\"noopener\">Companhia de Desenvolvimento de Minas Gerais (Codemge)<\/a>.<\/p>\n<p>Essas a\u00e7\u00f5es fortalecem o turismo sustent\u00e1vel, promovendo roteiros que integram natureza, aventura e experi\u00eancias gastron\u00f4micas em regi\u00f5es como a Serra da Canastra, a Cordilheira do Espinha\u00e7o e o Circuito das \u00c1guas. Al\u00e9m disso, o ICMS Turismo beneficiou 569 munic\u00edpios, um aumento de 13% em rela\u00e7\u00e3o ao ano anterior, assegurando recursos que ampliam a infraestrutura e as a\u00e7\u00f5es de divulga\u00e7\u00e3o em todas as regi\u00f5es.<\/p>\n<p>\u201cA parceria entre a Codemge e a Secult-MG \u00e9 um pilar estrat\u00e9gico para impulsionar o desenvolvimento social e econ\u00f4mico de Minas Gerais. Juntos, estamos fortalecendo iniciativas que valorizam nossa rica diversidade cultural, promovem o turismo sustent\u00e1vel e geram oportunidades para a popula\u00e7\u00e3o\u201d, comenta o presidente da Codemge, S\u00e9rgio Lopes.<\/p>\n<p><strong>Expans\u00e3o da malha a\u00e9rea e acessibilidade<\/strong><\/p>\n<p>Minas Gerais conta atualmente com voos regulares para 14 cidades, ampliando o acesso aos destinos tur\u00edsticos e fomentando o fluxo de visitantes. O Aeroporto Internacional de Confins registrou um aumento de 26,8% no fluxo de passageiros em outubro, totalizando mais de 10 milh\u00f5es de embarques e desembarques no acumulado do ano.<\/p>\n<p><strong>Ocupa\u00e7\u00e3o hoteleira em alta<\/strong><\/p>\n<p>O setor hoteleiro tamb\u00e9m reflete o avan\u00e7o do turismo. De janeiro a novembro, a taxa de ocupa\u00e7\u00e3o na regi\u00e3o metropolitana de Belo Horizonte atingiu 62,83%, enquanto o interior registrou 49,62%, um crescimento de 10% em rela\u00e7\u00e3o ao mesmo per\u00edodo de 2023. O incremento \u00e9 impulsionado pela diversifica\u00e7\u00e3o de atra\u00e7\u00f5es, como festivais culturais, experi\u00eancias gastron\u00f4micas e ecoturismo.<\/p>\n<p><strong>Impacto no setor de com\u00e9rcio e servi\u00e7os<\/strong><\/p>\n<p>A consolida\u00e7\u00e3o de Minas Gerais no turismo nacional tem impacto direto no setor de com\u00e9rcio e servi\u00e7os, conforme destaca o presidente do Sebrae Minas e da C\u00e2mara de Dirigentes Lojistas de Belo Horizonte (CDL\/BH), Marcelo de Souza e Silva.<\/p>\n<p>\u201cEm parceria com Secult-MG, impulsionamos o setor com a cria\u00e7\u00e3o de novas rotas tur\u00edsticas, a participa\u00e7\u00e3o dos receptivos em grandes eventos no Brasil e o fortalecimento do Carnaval em BH e no interior, por meio do programa Meu Neg\u00f3cio \u00e9 Carnaval, elevando nosso estado a um novo patamar na gera\u00e7\u00e3o de emprego e renda\u201d, diz.<\/p>\n<p><strong>Destaques de 2024<\/strong><\/p>\n<p>Os Modos de Fazer O Queijo Minas Artesanal foi reconhecido pela Organiza\u00e7\u00e3o das Na\u00e7\u00f5es Unidas para a Educa\u00e7\u00e3o, a Ci\u00eancia e a Cultura (Unesco) como Patrim\u00f4nio Cultural Imaterial da Humanidade, elevando ainda mais a visibilidade global do estado.<\/p>\n<p>O Parque Inhotim e os Parques Estaduais tamb\u00e9m registraram um aumento significativo de visita\u00e7\u00f5es, consolidando Minas como destino de turismo sustent\u00e1vel.<\/p>\n<p>Fonte: Ag\u00eancia Minas<\/p>\n","protected":false},"excerpt":{"rendered":"<p>Com crescimento 100% acima da m\u00e9dia nacional em 2024, Minas Gerais consolidou sua lideran\u00e7a no turismo do pa\u00eds, segundo dados do Instituto Brasileiro de Geografia e Estat\u00edstica (IBGE). A posi\u00e7\u00e3o reafirma o setor como fundamental no desenvolvimento econ\u00f4mico do estado, respondendo por quase 7% do Produto Interno Bruto (PIB) mineiro e assegurando milhares de empregos. [&hellip;]<\/p>\n","protected":false},"author":246,"featured_media":226299,"comment_status":"closed","ping_status":"closed","sticky":false,"template":"","format":"standard","meta":{"footnotes":""},"categories":[436,261,254,252,439],"tags":[],"class_list":["post-226298","post","type-post","status-publish","format-standard","has-post-thumbnail","hentry","category-destaque-da-semana","category-economia","category-politica","category-regiao","category-ultima-hora"],"_links":{"self":[{"href":"https:\/\/diarioregionaldigital.com.br\/index.php?rest_route=\/wp\/v2\/posts\/226298","targetHints":{"allow":["GET"]}}],"collection":[{"href":"https:\/\/diarioregionaldigital.com.br\/index.php?rest_route=\/wp\/v2\/posts"}],"about":[{"href":"https:\/\/diarioregionaldigital.com.br\/index.php?rest_route=\/wp\/v2\/types\/post"}],"author":[{"embeddable":true,"href":"https:\/\/diarioregionaldigital.com.br\/index.php?rest_route=\/wp\/v2\/users\/246"}],"replies":[{"embeddable":true,"href":"https:\/\/diarioregionaldigital.com.br\/index.php?rest_route=%2Fwp%2Fv2%2Fcomments&post=226298"}],"version-history":[{"count":1,"href":"https:\/\/diarioregionaldigital.com.br\/index.php?rest_route=\/wp\/v2\/posts\/226298\/revisions"}],"predecessor-version":[{"id":226300,"href":"https:\/\/diarioregionaldigital.com.br\/index.php?rest_route=\/wp\/v2\/posts\/226298\/revisions\/226300"}],"wp:featuredmedia":[{"embeddable":true,"href":"https:\/\/diarioregionaldigital.com.br\/index.php?rest_route=\/wp\/v2\/media\/226299"}],"wp:attachment":[{"href":"https:\/\/diarioregionaldigital.com.br\/index.php?rest_route=%2Fwp%2Fv2%2Fmedia&parent=226298"}],"wp:term":[{"taxonomy":"category","embeddable":true,"href":"https:\/\/diarioregionaldigital.com.br\/index.php?rest_route=%2Fwp%2Fv2%2Fcategories&post=226298"},{"taxonomy":"post_tag","embeddable":true,"href":"https:\/\/diarioregionaldigital.com.br\/index.php?rest_route=%2Fwp%2Fv2%2Ftags&post=226298"}],"curies":[{"name":"wp","href":"https:\/\/api.w.org\/{rel}","templated":true}]}}