{"id":226295,"date":"2025-01-14T19:10:39","date_gmt":"2025-01-14T22:10:39","guid":{"rendered":"https:\/\/diarioregionaldigital.com.br\/?p=226295"},"modified":"2025-01-14T19:10:39","modified_gmt":"2025-01-14T22:10:39","slug":"meta-responde-agu-e-governo-discute-acoes-sobre-facebook-e-instagram","status":"publish","type":"post","link":"https:\/\/diarioregionaldigital.com.br\/?p=226295","title":{"rendered":"Meta responde AGU e governo discute a\u00e7\u00f5es sobre Facebook e Instagram"},"content":{"rendered":"<p>A gigante da tecnologia Meta \u2013 que controla as redes Facebook, Instagram e Whatsapp \u2013 respondeu na noite dessa segunda-feira (13) a\u00a0questionamentos da Advocacia-Geral da Uni\u00e3o (AGU) sobre as mudan\u00e7as nas pol\u00edticas de modera\u00e7\u00e3o da companhia, entre elas, o fim do programa de checagem de fatos, que indicava quando\u00a0<a href=\"https:\/\/agenciabrasil.ebc.com.br\/justica\/noticia\/2025-01\/meta-tem-72-horas-para-esclarecer-duvidas-do-governo-brasileiro\" target=\"_blank\" rel=\"noopener\">informa\u00e7\u00f5es falsas<\/a>\u00a0circulavam nas redes.\u00a0<img decoding=\"async\" src=\"https:\/\/agenciabrasil.ebc.com.br\/ebc.png?id=1626736&amp;o=node\" \/><img decoding=\"async\" src=\"https:\/\/agenciabrasil.ebc.com.br\/ebc.gif?id=1626736&amp;o=node\" \/><\/p>\n<p>Em nota, a AGU informou que convocou uma reuni\u00e3o t\u00e9cnica para esta ter\u00e7a-feira (14) sob a coordena\u00e7\u00e3o da Procuradoria Nacional de Defesa da Democracia, vinculada \u00e0 AGU, para discutir as a\u00e7\u00f5es e medidas em rela\u00e7\u00e3o \u00e0s altera\u00e7\u00f5es anunciadas pela\u00a0<em>big tech<\/em>\u00a0estadunidense.<\/p>\n<p>\u201cSomente ap\u00f3s essa an\u00e1lise, a AGU, em conjunto com os demais \u00f3rg\u00e3os, se pronunciar\u00e1 sobre os pr\u00f3ximos passos em rela\u00e7\u00e3o ao assunto e tornar\u00e1 p\u00fablico o teor da manifesta\u00e7\u00e3o\u201d, informou a AGU.<\/p>\n<p>Devem participar da reuni\u00e3o representantes dos minist\u00e9rios dos Direitos Humanos e Cidadania, da Justi\u00e7a e Seguran\u00e7a P\u00fablica e da Secretaria de Comunica\u00e7\u00e3o Social da Presid\u00eancia (Secom).<\/p>\n<p>Na semana passada, a Meta anunciou s\u00e9rie de mudan\u00e7as e o alinhamento da pol\u00edtica da empresa \u00e0\u00a0<a href=\"https:\/\/agenciabrasil.ebc.com.br\/internacional\/noticia\/2025-01\/meta-promete-se-aliar-trump-contra-paises-que-regulam-redes-sociais\" target=\"_blank\" rel=\"noopener\">agenda<\/a>\u00a0de governo do presidente eleito dos Estados Unidos, Donald Trump, que defende a desregulamenta\u00e7\u00e3o do ambiente digital e \u00e9 contr\u00e1rio \u00e0 pol\u00edtica de checagem de fatos. Em seguida, a Meta liberou a possibilidade de\u00a0<a href=\"https:\/\/agenciabrasil.ebc.com.br\/politica\/noticia\/2025-01\/normas-da-meta-que-permitem-preconceitos-sao-publicadas-em-portugues\" target=\"_blank\" rel=\"noopener\">ofensas preconceituosas<\/a>\u00a0nas plataformas.<\/p>\n<p>Desde 2016, a Meta oferecia no Facebook e no Instagram um servi\u00e7o de checagem de fatos, realizado por jornalistas e especialistas em cerca de 115 pa\u00edses, que apurava se informa\u00e7\u00f5es que circulavam nas redes eram verdadeiras ou falsas e oferecia a contextualiza\u00e7\u00e3o aos usu\u00e1rios.<\/p>\n<p>Com o fim da checagem de fatos, a Meta passou a adotar a pol\u00edtica de \u201cnotas da comunidade\u201d. Com isso, apenas usu\u00e1rios previamente cadastrados \u00e9 que podem contestar alguma informa\u00e7\u00e3o que circula nas plataformas.<\/p>\n<p>Especialistas em direito e ambiente digitais alertam que a mudan\u00e7a favorece a livre circula\u00e7\u00e3o de fake news \u2013 que s\u00e3o not\u00edcias fraudulentas &#8211; e tamb\u00e9m incentiva o discurso de \u00f3dio contra grupos minorit\u00e1rios como mulheres, imigrantes e homossexuais.<\/p>\n<p><a href=\"https:\/\/agenciabrasil.ebc.com.br\/geral\/noticia\/2025-01\/entidades-lancam-manifesto-contra-alteracao-de-controle-da-meta\" target=\"_blank\" rel=\"noopener\">Documento da Coaliz\u00e3o Direitos na Rede<\/a>\u00a0\u2013 que re\u00fane mais de 50 entidades ligadas ao tema \u2013 afirma que a Meta ataca os esfor\u00e7os democr\u00e1ticos de na\u00e7\u00f5es em proteger as popula\u00e7\u00f5es contra os danos provocados pelas big techs. \u201cCom isso, prioriza, mais uma vez, os interesses estadunidenses e os lucros de sua corpora\u00e7\u00e3o em detrimento da constru\u00e7\u00e3o de ambientes digitais que prezam pela seguran\u00e7a de seus consumidores\u201d, diz o documento.<\/p>\n<p>O ministro da AGU, Jorge Messias, tem defendido a\u00e7\u00f5es do governo brasileiro que garantam o cumprimento da legisla\u00e7\u00e3o do pa\u00eds frente \u00e0s mudan\u00e7as na Meta. \u201cAs pessoas acabam n\u00e3o conseguindo distinguir o que \u00e9 verdade do que \u00e9 mentira. Isso acaba impactando no pa\u00eds, na na\u00e7\u00e3o, nas pessoas e na economia. Estamos falando de soberania nacional\u201d, enfatizou.<\/p>\n<div class=\"noticias-relacionadas rel-position rowflex\">\n<div class=\"title abs-position\">Fonte: Ag\u00eancia Brasil<\/div>\n<\/div>\n","protected":false},"excerpt":{"rendered":"<p>A gigante da tecnologia Meta \u2013 que controla as redes Facebook, Instagram e Whatsapp \u2013 respondeu na noite dessa segunda-feira (13) a\u00a0questionamentos da Advocacia-Geral da Uni\u00e3o (AGU) sobre as mudan\u00e7as nas pol\u00edticas de modera\u00e7\u00e3o da companhia, entre elas, o fim do programa de checagem de fatos, que indicava quando\u00a0informa\u00e7\u00f5es falsas\u00a0circulavam nas redes.\u00a0 Em nota, a [&hellip;]<\/p>\n","protected":false},"author":246,"featured_media":226296,"comment_status":"closed","ping_status":"closed","sticky":false,"template":"","format":"standard","meta":{"footnotes":""},"categories":[436,440,261,254,439],"tags":[],"class_list":["post-226295","post","type-post","status-publish","format-standard","has-post-thumbnail","hentry","category-destaque-da-semana","category-destaques-do-dia","category-economia","category-politica","category-ultima-hora"],"_links":{"self":[{"href":"https:\/\/diarioregionaldigital.com.br\/index.php?rest_route=\/wp\/v2\/posts\/226295","targetHints":{"allow":["GET"]}}],"collection":[{"href":"https:\/\/diarioregionaldigital.com.br\/index.php?rest_route=\/wp\/v2\/posts"}],"about":[{"href":"https:\/\/diarioregionaldigital.com.br\/index.php?rest_route=\/wp\/v2\/types\/post"}],"author":[{"embeddable":true,"href":"https:\/\/diarioregionaldigital.com.br\/index.php?rest_route=\/wp\/v2\/users\/246"}],"replies":[{"embeddable":true,"href":"https:\/\/diarioregionaldigital.com.br\/index.php?rest_route=%2Fwp%2Fv2%2Fcomments&post=226295"}],"version-history":[{"count":1,"href":"https:\/\/diarioregionaldigital.com.br\/index.php?rest_route=\/wp\/v2\/posts\/226295\/revisions"}],"predecessor-version":[{"id":226297,"href":"https:\/\/diarioregionaldigital.com.br\/index.php?rest_route=\/wp\/v2\/posts\/226295\/revisions\/226297"}],"wp:featuredmedia":[{"embeddable":true,"href":"https:\/\/diarioregionaldigital.com.br\/index.php?rest_route=\/wp\/v2\/media\/226296"}],"wp:attachment":[{"href":"https:\/\/diarioregionaldigital.com.br\/index.php?rest_route=%2Fwp%2Fv2%2Fmedia&parent=226295"}],"wp:term":[{"taxonomy":"category","embeddable":true,"href":"https:\/\/diarioregionaldigital.com.br\/index.php?rest_route=%2Fwp%2Fv2%2Fcategories&post=226295"},{"taxonomy":"post_tag","embeddable":true,"href":"https:\/\/diarioregionaldigital.com.br\/index.php?rest_route=%2Fwp%2Fv2%2Ftags&post=226295"}],"curies":[{"name":"wp","href":"https:\/\/api.w.org\/{rel}","templated":true}]}}