{"id":226291,"date":"2025-01-14T19:08:31","date_gmt":"2025-01-14T22:08:31","guid":{"rendered":"https:\/\/diarioregionaldigital.com.br\/?p=226291"},"modified":"2025-01-14T19:08:31","modified_gmt":"2025-01-14T22:08:31","slug":"producao-da-safra-brasileira-caiu-72-em-2024-estima-ibge","status":"publish","type":"post","link":"https:\/\/diarioregionaldigital.com.br\/?p=226291","title":{"rendered":"Produ\u00e7\u00e3o da safra brasileira caiu 7,2% em 2024, estima IBGE"},"content":{"rendered":"<p>A safra brasileira terminou 2024 com a produ\u00e7\u00e3o de 292,7 milh\u00f5es de toneladas de cereais, leguminosas e oleaginosas, o que representa recuo de 7,2% em rela\u00e7\u00e3o \u00e0 safra 2023. A estimativa faz parte do Levantamento Sistem\u00e1tico da Produ\u00e7\u00e3o Agr\u00edcola (LSPA), divulgado nesta ter\u00e7a-feira (14) pelo Instituto Brasileiro de Geografia e Estat\u00edstica (IBGE).<img decoding=\"async\" src=\"https:\/\/agenciabrasil.ebc.com.br\/ebc.png?id=1626796&amp;o=node\" \/><img decoding=\"async\" src=\"https:\/\/agenciabrasil.ebc.com.br\/ebc.gif?id=1626796&amp;o=node\" \/><\/p>\n<p>O resultado esperado de 2024 fica 22,7 milh\u00f5es de toneladas abaixo da colheita de 2023, que alcan\u00e7ou 315,4 milh\u00f5es de toneladas. A \u00faltima vez que o Brasil experimentou\u00a0<a href=\"https:\/\/agenciabrasil.ebc.com.br\/radioagencia-nacional\/economia\/audio\/2022-01\/safra-agricola-cai-04-em-2021-mas-pode-ter-recorde-em-2022\" target=\"_blank\" rel=\"noopener\">queda na safra foi em 2021<\/a>, com recuo de 0,4%.<\/p>\n<p>O LSPA \u00e9 uma estimativa mensal do IBGE para a \u00e1rea plantada e a produ\u00e7\u00e3o agr\u00edcola brasileira. Esta foi a d\u00e9cima edi\u00e7\u00e3o referente a 2024, ou seja, o progn\u00f3stico final para a safra do ano. O tamanho real da safra brasileira ser\u00e1 informado pelo instituto na Pesquisa Agr\u00edcola Municipal, que ser\u00e1 divulgada apenas em setembro.<\/p>\n<p>Apesar do recuo na produ\u00e7\u00e3o, a LSPA indica que a \u00e1rea colhida em 2024 alcan\u00e7ou 79 milh\u00f5es de hectares (para se ter uma ideia, os estados de S\u00e3o Paulo e Minas Gerais somam extens\u00e3o territorial de 835 milh\u00f5es de hectares), crescimento de 1,6% em rela\u00e7\u00e3o a 2023. Isso representa uma \u00e1rea colhida 1,2 milh\u00e3o de hectares maior, ou seja, al\u00e9m da produ\u00e7\u00e3o, caiu a produtividade da safra.<\/p>\n<p>De acordo com o gerente de agricultura do IBGE, Carlos Guedes, quest\u00f5es clim\u00e1ticas explicam a queda na produtividade. \u201cHouve atraso no plantio da soja por problemas clim\u00e1ticos, principalmente nas regi\u00f5es Centro-Oeste e Sul. Houve excesso de chuvas no Sul do pa\u00eds, com as enchentes no Rio Grande do Sul, que destru\u00edram algumas lavouras de arroz, soja e milho 1\u00aa safra [o cereal tem duas safras anuais]. Isso sem contar as altas temperaturas e poucas chuvas na 2\u00aa safra, afetando o milho e o trigo\u201d, explicou.<\/p>\n<h2>Produtos<\/h2>\n<p>A soja \u00e9 o principal produto agr\u00edcola brasileiro, com produ\u00e7\u00e3o estimada de 144,9 milh\u00f5es de toneladas. Em seguida, figura o milho, como 114,7 milh\u00f5es. O arroz, com 10,6 milh\u00f5es de toneladas \u00e9 o terceiro principal produto. Juntos, os tr\u00eas alimentos representam 92,3% da estimativa da produ\u00e7\u00e3o e 87,2% da \u00e1rea a ser colhida.<\/p>\n<p>Analisando estado por estado, o levantamento revela que o Mato Grosso \u00e9 o maior produtor nacional de gr\u00e3os, com participa\u00e7\u00e3o de 31,4%, seguido por Paran\u00e1 (12,8%), Rio Grande do Sul (11,8%) e Goi\u00e1s (11,0%).<\/p>\n<p>Em rela\u00e7\u00e3o \u00e0s regi\u00f5es, o Centro-Oeste lidera a produ\u00e7\u00e3o de cereais, leguminosas e oleaginosas, com 144,6 milh\u00f5es de toneladas (49,4% do total). Em seguida aparecem o Sul, com 78,3 milh\u00f5es de toneladas (26,8%); o Sudeste, com 25,8 milh\u00f5es de toneladas (8,8%); o Nordeste, com 25,8 milh\u00f5es de toneladas (8,8%); e o Norte, 18,2 milh\u00f5es de toneladas (6,2%).<\/p>\n<h2>Estimativa para 2025<\/h2>\n<p>O IBGE divulgou tamb\u00e9m um progn\u00f3stico para a safra 2025. De acordo com o levantamento, a safra brasileira de 2025 deve somar 322,6 milh\u00f5es de toneladas, uma alta de 10,2% em rela\u00e7\u00e3o \u00e0 de 2024 \u2013 29,9 milh\u00f5es de tonelada a mais.<\/p>\n<p>De acordo com Guedes, o crescimento se deve \u00e0 recupera\u00e7\u00e3o da safra de soja, que passou por muitos problemas em 2024. \u201cIsso se soma \u00e0s condi\u00e7\u00f5es clim\u00e1ticas favor\u00e1veis \u00e0s lavouras na maior parte do Brasil, mesmo com atraso no in\u00edcio do plantio. Os produtores conseguiram recuperar o atraso, utilizando-se de alta tecnologia. Tem chovido de forma satisfat\u00f3ria na maioria das regi\u00f5es produtoras, o que beneficia as lavouras que est\u00e3o em campo, como a soja e o milho de 1\u00aa safra\u201d, completou.<\/p>\n<p>Fonte: Ag\u00eancia Brasil<\/p>\n","protected":false},"excerpt":{"rendered":"<p>A safra brasileira terminou 2024 com a produ\u00e7\u00e3o de 292,7 milh\u00f5es de toneladas de cereais, leguminosas e oleaginosas, o que representa recuo de 7,2% em rela\u00e7\u00e3o \u00e0 safra 2023. A estimativa faz parte do Levantamento Sistem\u00e1tico da Produ\u00e7\u00e3o Agr\u00edcola (LSPA), divulgado nesta ter\u00e7a-feira (14) pelo Instituto Brasileiro de Geografia e Estat\u00edstica (IBGE). O resultado esperado [&hellip;]<\/p>\n","protected":false},"author":246,"featured_media":226292,"comment_status":"closed","ping_status":"closed","sticky":false,"template":"","format":"standard","meta":{"footnotes":""},"categories":[302,436,440,261,254,439],"tags":[],"class_list":["post-226291","post","type-post","status-publish","format-standard","has-post-thumbnail","hentry","category-brasil-mundo","category-destaque-da-semana","category-destaques-do-dia","category-economia","category-politica","category-ultima-hora"],"_links":{"self":[{"href":"https:\/\/diarioregionaldigital.com.br\/index.php?rest_route=\/wp\/v2\/posts\/226291","targetHints":{"allow":["GET"]}}],"collection":[{"href":"https:\/\/diarioregionaldigital.com.br\/index.php?rest_route=\/wp\/v2\/posts"}],"about":[{"href":"https:\/\/diarioregionaldigital.com.br\/index.php?rest_route=\/wp\/v2\/types\/post"}],"author":[{"embeddable":true,"href":"https:\/\/diarioregionaldigital.com.br\/index.php?rest_route=\/wp\/v2\/users\/246"}],"replies":[{"embeddable":true,"href":"https:\/\/diarioregionaldigital.com.br\/index.php?rest_route=%2Fwp%2Fv2%2Fcomments&post=226291"}],"version-history":[{"count":1,"href":"https:\/\/diarioregionaldigital.com.br\/index.php?rest_route=\/wp\/v2\/posts\/226291\/revisions"}],"predecessor-version":[{"id":226293,"href":"https:\/\/diarioregionaldigital.com.br\/index.php?rest_route=\/wp\/v2\/posts\/226291\/revisions\/226293"}],"wp:featuredmedia":[{"embeddable":true,"href":"https:\/\/diarioregionaldigital.com.br\/index.php?rest_route=\/wp\/v2\/media\/226292"}],"wp:attachment":[{"href":"https:\/\/diarioregionaldigital.com.br\/index.php?rest_route=%2Fwp%2Fv2%2Fmedia&parent=226291"}],"wp:term":[{"taxonomy":"category","embeddable":true,"href":"https:\/\/diarioregionaldigital.com.br\/index.php?rest_route=%2Fwp%2Fv2%2Fcategories&post=226291"},{"taxonomy":"post_tag","embeddable":true,"href":"https:\/\/diarioregionaldigital.com.br\/index.php?rest_route=%2Fwp%2Fv2%2Ftags&post=226291"}],"curies":[{"name":"wp","href":"https:\/\/api.w.org\/{rel}","templated":true}]}}