{"id":226287,"date":"2025-01-14T10:22:19","date_gmt":"2025-01-14T13:22:19","guid":{"rendered":"https:\/\/diarioregionaldigital.com.br\/?p=226287"},"modified":"2025-01-14T10:22:19","modified_gmt":"2025-01-14T13:22:19","slug":"comunicado-renuncia-14-01-2025","status":"publish","type":"post","link":"https:\/\/diarioregionaldigital.com.br\/?p=226287","title":{"rendered":"COMUNICADO REN\u00daNCIA &#8211; 14\/01\/2025"},"content":{"rendered":"<p>A Associa\u00e7\u00e3o de Defesa dos Direitos Humanos e da Cidadania (ADDHC) informa, por meio deste comunicado, que, por motivos de foro \u00edntimo, os seguintes membros da diretoria solicitam sua ren\u00fancia:<\/p>\n<p>Presidente: Kelmo Andr\u00e9 Pedro<br \/>\nJur\u00eddico: Pedro Balbi Duque<br \/>\nTesoureiro: Jos\u00e9 Geraldo da Luz J\u00fanior<br \/>\nA partir da presente data, o Senhor Carlos Rabelo, atual Vice-Presidente da ADDHC, assume automaticamente a presid\u00eancia da associa\u00e7\u00e3o, o qual nomear\u00e1 os demais membros.<\/p>\n<p>Agradecemos a todos os colaboradores e associados pelo apoio cont\u00ednuo e reafirmamos nosso compromisso inabal\u00e1vel com a defesa dos direitos humanos e da cidadania.<\/p>\n","protected":false},"excerpt":{"rendered":"<p>A Associa\u00e7\u00e3o de Defesa dos Direitos Humanos e da Cidadania (ADDHC) informa, por meio deste comunicado, que, por motivos de foro \u00edntimo, os seguintes membros da diretoria solicitam sua ren\u00fancia: Presidente: Kelmo Andr\u00e9 Pedro Jur\u00eddico: Pedro Balbi Duque Tesoureiro: Jos\u00e9 Geraldo da Luz J\u00fanior A partir da presente data, o Senhor Carlos Rabelo, atual Vice-Presidente [&hellip;]<\/p>\n","protected":false},"author":246,"featured_media":0,"comment_status":"closed","ping_status":"closed","sticky":false,"template":"","format":"standard","meta":{"footnotes":""},"categories":[307],"tags":[],"class_list":["post-226287","post","type-post","status-publish","format-standard","hentry","category-editais"],"_links":{"self":[{"href":"https:\/\/diarioregionaldigital.com.br\/index.php?rest_route=\/wp\/v2\/posts\/226287","targetHints":{"allow":["GET"]}}],"collection":[{"href":"https:\/\/diarioregionaldigital.com.br\/index.php?rest_route=\/wp\/v2\/posts"}],"about":[{"href":"https:\/\/diarioregionaldigital.com.br\/index.php?rest_route=\/wp\/v2\/types\/post"}],"author":[{"embeddable":true,"href":"https:\/\/diarioregionaldigital.com.br\/index.php?rest_route=\/wp\/v2\/users\/246"}],"replies":[{"embeddable":true,"href":"https:\/\/diarioregionaldigital.com.br\/index.php?rest_route=%2Fwp%2Fv2%2Fcomments&post=226287"}],"version-history":[{"count":1,"href":"https:\/\/diarioregionaldigital.com.br\/index.php?rest_route=\/wp\/v2\/posts\/226287\/revisions"}],"predecessor-version":[{"id":226288,"href":"https:\/\/diarioregionaldigital.com.br\/index.php?rest_route=\/wp\/v2\/posts\/226287\/revisions\/226288"}],"wp:attachment":[{"href":"https:\/\/diarioregionaldigital.com.br\/index.php?rest_route=%2Fwp%2Fv2%2Fmedia&parent=226287"}],"wp:term":[{"taxonomy":"category","embeddable":true,"href":"https:\/\/diarioregionaldigital.com.br\/index.php?rest_route=%2Fwp%2Fv2%2Fcategories&post=226287"},{"taxonomy":"post_tag","embeddable":true,"href":"https:\/\/diarioregionaldigital.com.br\/index.php?rest_route=%2Fwp%2Fv2%2Ftags&post=226287"}],"curies":[{"name":"wp","href":"https:\/\/api.w.org\/{rel}","templated":true}]}}