{"id":226282,"date":"2025-01-13T13:40:13","date_gmt":"2025-01-13T16:40:13","guid":{"rendered":"https:\/\/diarioregionaldigital.com.br\/?p=226282"},"modified":"2025-01-13T13:43:43","modified_gmt":"2025-01-13T16:43:43","slug":"confira-a-rota-semanal-dos-agentes-de-combate-a-endemias-pelo-municipio-5","status":"publish","type":"post","link":"https:\/\/diarioregionaldigital.com.br\/?p=226282","title":{"rendered":"Confira a rota semanal dos Agentes de Combate a Endemias pelo munic\u00edpio"},"content":{"rendered":"<p>Segundo informa\u00e7\u00f5es do site da Prefeitura de Juiz de Fora (PJF),\u00a0 seguindo com o trabalho di\u00e1rio de combate ao mosquito Aedes aegypti, a Prefeitura de Juiz de Fora (PJF), por meio dos Agentes de Combate a Endemias (ACE), realiza, entre os dias 13 a 17 de janeiro, rotas de visitas e vistorias a resid\u00eancias e lotes em diversos bairros espalhados pelo munic\u00edpio. As atividades j\u00e1 acontecem semanalmente, conforme cronograma definido pela Subsecretaria de Vigil\u00e2ncia em Sa\u00fade (SSVS), da Secretaria de Sa\u00fade (SS).<br \/>\nA PJF solicita o apoio dos moradores na abertura de suas resid\u00eancias para que os profissionais possam realizar o trabalho de tratamento focal. Neste momento, quando a circula\u00e7\u00e3o da dengue diminui, \u00e9 muito importante receber os agentes para evitar que tenhamos crescimento de casos durante o per\u00edodo prop\u00edcio para a reprodu\u00e7\u00e3o do mosquito.<br \/>\n\u00c9 importante que os moradores fiquem atentos \u00e0s orienta\u00e7\u00f5es dos agentes e os recebam, visto que a maioria dos focos est\u00e3o dentro das casas. Todos os servidores estar\u00e3o identificados e uniformizados.<br \/>\nNo decorrer da visita, sempre acompanhado pelo respons\u00e1vel do im\u00f3vel, o ACE deve orientar e avaliar as situa\u00e7\u00f5es de risco, remanejando e\/ou eliminando os recipientes que possam acumular \u00e1gua e\/ou que n\u00e3o tenham utilidade. O agente dever\u00e1 tratar corretamente com larvicida aqueles recipientes que n\u00e3o puderem ser eliminados. As visitas s\u00e3o feitas na parte externa e interna das resid\u00eancias.<\/p>\n<p><strong>Para ajudar nos trabalhos, a PJF deixa algumas dicas<\/strong><br \/>\n&#8211; Sempre verifique os ralos e cisterna, brom\u00e9lias, plantas aqu\u00e1ticas e troncos de \u00e1rvores no jardim;<\/p>\n<p>&#8211; Retire os pratinhos das plantas, tampe os tambores com \u00e1gua de chuva;<\/p>\n<p>&#8211; Verifique tamb\u00e9m os banheiros em desuso, as caixas d\u2019\u00e1gua e inspecione o quintal;<\/p>\n<p>&#8211; Descarte o seu lixo corretamente;<\/p>\n<p>&#8211; Mantenha a piscina sempre tratada, mesmo se estiver em desuso.<\/p>\n<p><strong>Rota dos agentes na pr\u00f3xima semana (13\/1 a 17\/1)<\/strong><br \/>\n<strong>Regi\u00e3o Norte<\/strong><\/p>\n<p>Carlos Chagas<\/p>\n<p>S\u00e3o Jo\u00e3o<\/p>\n<p>Francisco Bernardino<\/p>\n<p>S\u00e3o Dimas<\/p>\n<p>Parque Das \u00c1guas<\/p>\n<p>Jardim Cachoeira<\/p>\n<p>Jardim S\u00e3o Jo\u00e3o<\/p>\n<p>Bairro Industrial<\/p>\n<p>Barbosa Lage<\/p>\n<p>J\u00f3quei Clube II<\/p>\n<p>Barreira do Triunfo<\/p>\n<p>Novo Triunfo<\/p>\n<p>Cidade do Sol<\/p>\n<p>Santa Maria<\/p>\n<p>Nova Era<\/p>\n<p><strong>Ferramenta de den\u00fancias<\/strong><br \/>\nAl\u00e9m de participar ativamente na preven\u00e7\u00e3o contra as arboviroses, a popula\u00e7\u00e3o pode ajudar com den\u00fancias an\u00f4nimas sobre focos do Aedes aegypti em Juiz de Fora e regi\u00e3o. O JF Contra o Aede \u00e9 um sistema em que as pessoas podem realizar den\u00fancias de locais de criadouros do mosquito e tem como finalidade mapear as informa\u00e7\u00f5es das doen\u00e7as causadas pelo mosquito: dengue, zika, febre amarela e chikungunya. A plataforma roda em todas as plataformas: smartphones, tablets, notebooks e computadores e pode ser acessada em qualquer navegador<\/p>\n<p>A popula\u00e7\u00e3o tamb\u00e9m pode auxiliar no combate por meio de den\u00fancias de poss\u00edveis focos, por meio do WhatsApp, pelo n\u00famero (32) 98432-4608, ou pelo e-mail dengue@pjf.mg.gov.br. Den\u00fancias podem ser feitas, ainda, em qualquer um dos 11 postos do Departamento de Informa\u00e7\u00e3o Geral e Atendimento (Diga) espalhados pelo munic\u00edpio.<\/p>\n","protected":false},"excerpt":{"rendered":"<p>Segundo informa\u00e7\u00f5es do site da Prefeitura de Juiz de Fora (PJF),\u00a0 seguindo com o trabalho di\u00e1rio de combate ao mosquito Aedes aegypti, a Prefeitura de Juiz de Fora (PJF), por meio dos Agentes de Combate a Endemias (ACE), realiza, entre os dias 13 a 17 de janeiro, rotas de visitas e vistorias a resid\u00eancias e [&hellip;]<\/p>\n","protected":false},"author":246,"featured_media":226283,"comment_status":"closed","ping_status":"closed","sticky":false,"template":"","format":"standard","meta":{"footnotes":""},"categories":[253,436,439],"tags":[],"class_list":["post-226282","post","type-post","status-publish","format-standard","has-post-thumbnail","hentry","category-cidade","category-destaque-da-semana","category-ultima-hora"],"_links":{"self":[{"href":"https:\/\/diarioregionaldigital.com.br\/index.php?rest_route=\/wp\/v2\/posts\/226282","targetHints":{"allow":["GET"]}}],"collection":[{"href":"https:\/\/diarioregionaldigital.com.br\/index.php?rest_route=\/wp\/v2\/posts"}],"about":[{"href":"https:\/\/diarioregionaldigital.com.br\/index.php?rest_route=\/wp\/v2\/types\/post"}],"author":[{"embeddable":true,"href":"https:\/\/diarioregionaldigital.com.br\/index.php?rest_route=\/wp\/v2\/users\/246"}],"replies":[{"embeddable":true,"href":"https:\/\/diarioregionaldigital.com.br\/index.php?rest_route=%2Fwp%2Fv2%2Fcomments&post=226282"}],"version-history":[{"count":1,"href":"https:\/\/diarioregionaldigital.com.br\/index.php?rest_route=\/wp\/v2\/posts\/226282\/revisions"}],"predecessor-version":[{"id":226284,"href":"https:\/\/diarioregionaldigital.com.br\/index.php?rest_route=\/wp\/v2\/posts\/226282\/revisions\/226284"}],"wp:featuredmedia":[{"embeddable":true,"href":"https:\/\/diarioregionaldigital.com.br\/index.php?rest_route=\/wp\/v2\/media\/226283"}],"wp:attachment":[{"href":"https:\/\/diarioregionaldigital.com.br\/index.php?rest_route=%2Fwp%2Fv2%2Fmedia&parent=226282"}],"wp:term":[{"taxonomy":"category","embeddable":true,"href":"https:\/\/diarioregionaldigital.com.br\/index.php?rest_route=%2Fwp%2Fv2%2Fcategories&post=226282"},{"taxonomy":"post_tag","embeddable":true,"href":"https:\/\/diarioregionaldigital.com.br\/index.php?rest_route=%2Fwp%2Fv2%2Ftags&post=226282"}],"curies":[{"name":"wp","href":"https:\/\/api.w.org\/{rel}","templated":true}]}}