{"id":226268,"date":"2025-01-11T02:45:45","date_gmt":"2025-01-11T05:45:45","guid":{"rendered":"https:\/\/diarioregionaldigital.com.br\/?p=226268"},"modified":"2025-01-11T02:45:45","modified_gmt":"2025-01-11T05:45:45","slug":"edital-de-convocacao-associacao-brasileira-beneficente-de-apoio-ao-cidadao-11-01-2025","status":"publish","type":"post","link":"https:\/\/diarioregionaldigital.com.br\/?p=226268","title":{"rendered":"EDITAL DE CONVOCA\u00c7\u00c3O ASSOCIA\u00c7\u00c3O BRASILEIRA BENEFICENTE DE APOIO AO CIDAD\u00c3O &#8211; 11\/01\/2025"},"content":{"rendered":"<p class=\"s3\"><span class=\"s2\"><span class=\"bumpedFont15\">ASSOCIA\u00c7\u00c3O BRASILEIRA BENEFICENTE DE APOIO AO CIDAD\u00c3O EDITAL DE CONVOCA\u00c7\u00c3O ASSEMBLEIA GERAL EXTRAORDIN\u00c1RIA<\/span><\/span><\/p>\n<p class=\"s3\">\n<p class=\"s3\"><span class=\"s4\"><span class=\"bumpedFont15\">A<\/span><\/span><span class=\"s4\"><span class=\"bumpedFont15\"> Presidente da Diretoria da Associa\u00e7\u00e3o Brasileira Beneficente de Apoio ao Cidad\u00e3o, situada na Av. Bar\u00e3o do Rio Branco n\u00ba 2.288\/1907, bairro Centro, Juiz de Fora\/MG, CEP 36.016-310, inscrito no CNPJ n\u00ba 07.030.719\/0001-14, no uso de suas atribui\u00e7\u00f5es e na forma convencional prevista, de acordo as Leis vigentes e no Estatuto da Associa\u00e7\u00e3o, bem como nas demais legisla\u00e7\u00f5es supervenientes aplic\u00e1veis e inerentes a ASSOCIA\u00c7\u00c3O, convoca os ASSOCIADOS para uma Assembleia Geral Extraordin\u00e1ria a fim de deliberar sobre a seguinte pauta:<\/span><\/span><\/p>\n<p class=\"s3\"><span class=\"s4\"><span class=\"bumpedFont15\">1.<\/span><\/span> <span class=\"s4\"><span class=\"bumpedFont15\">Eleger e dar posse aos novos membros da Diretoria, Conselho Fiscal e suplentes para o tri\u00eanio 2024 a 2026;<\/span><\/span><\/p>\n<p class=\"s3\"><span class=\"s4\"><span class=\"bumpedFont15\">2.<\/span><\/span> <span class=\"s4\"><span class=\"bumpedFont15\">Altera\u00e7\u00e3o de CNAE da unidade filial ABBAC Bom Jardim de Minas CNPJ 07.030.719\/0002-03;<\/span><\/span><\/p>\n<p class=\"s3\"><span class=\"s4\"><span class=\"bumpedFont15\">3.<\/span><\/span> <span class=\"s4\"><span class=\"bumpedFont15\">Mudan\u00e7a de endere\u00e7o da unidade filial ABBAC Rio Novo CNPJ 07.030.719\/0005-48;<\/span><\/span><\/p>\n<p class=\"s3\"><span class=\"s4\"><span class=\"bumpedFont15\">4.<\/span><\/span> <span class=\"s4\"><span class=\"bumpedFont15\">Atualiza\u00e7\u00e3o dos dados cadastrais, junto \u00e0 Receita Federal, constantes nas inscri\u00e7\u00f5es do CNPJ da Matriz e Filiais.<\/span><\/span><\/p>\n<p class=\"s3\"><span class=\"s2\"><span class=\"bumpedFont15\">Data<\/span><\/span><span class=\"s4\"><span class=\"bumpedFont15\">: <\/span><\/span><span class=\"s4\"><span class=\"bumpedFont15\">30\/01\/2025<\/span><\/span><span class=\"s4\"><span class=\"bumpedFont15\"> (<\/span><\/span><span class=\"s4\"><span class=\"bumpedFont15\">quinta<\/span><\/span><span class=\"s4\"><span class=\"bumpedFont15\">-feira)<\/span><\/span><\/p>\n<p class=\"s3\"><span class=\"s2\"><span class=\"bumpedFont15\">Local: <\/span><\/span><span class=\"s4\"><span class=\"bumpedFont15\">Sede. Av. Bar\u00e3o do Rio Branco n\u00ba 2.288\/1907, bairro Centro, Juiz de Fora\/MG, CEP 36.016-310.<\/span><\/span><\/p>\n<p class=\"s3\"><span class=\"s4\"><span class=\"bumpedFont15\">Primeira chamada: \u00e0s 18h, com a presen\u00e7a da metade mais um. Segunda chamada: \u00e0s 1<\/span><\/span><span class=\"s4\"><span class=\"bumpedFont15\">8<\/span><\/span><span class=\"s4\"><span class=\"bumpedFont15\">h<\/span><\/span><span class=\"s4\"><span class=\"bumpedFont15\">3<\/span><\/span><span class=\"s4\"><span class=\"bumpedFont15\">0 com qualquer n\u00famero. Os ASSOCIADOS que queiram se candidatar dever\u00e3o protocolar a sua inscri\u00e7\u00e3o na ASSOCIA\u00c7\u00c3O a<\/span><\/span><span class=\"s4\"><span class=\"bumpedFont15\">t\u00e9 o dia <\/span><\/span><span class=\"s4\"><span class=\"bumpedFont15\">20\/01\/2025<\/span><\/span><span class=\"s4\"><span class=\"bumpedFont15\">, segunda-feira,<\/span><\/span> <span class=\"s4\"><span class=\"bumpedFont15\">das 09 \u00e0s<\/span><\/span><span class=\"s4\"><span class=\"bumpedFont15\"> 17hs. \u00c9 l\u00edcito aos Senhores Associados se fazerem representar na Assembleia, ora convocada, por procuradores, munidos com procura\u00e7\u00f5es espec\u00edficas. <\/span><\/span><span class=\"s4\"><span class=\"bumpedFont15\">A aus\u00eancia dos senhores associados n\u00e3o os desobrigam<\/span><\/span><span class=\"s4\"><span class=\"bumpedFont15\"> de aceitarem como t\u00e1cita concord\u00e2ncia aos assuntos que forem tratados e deliberados. Os Associados em atraso no cumprimento de suas obriga\u00e7\u00f5es n\u00e3o poder\u00e3o exercer o direito do voto nas delibera\u00e7\u00f5es e ser\u00e1 considerada nula a sua presen\u00e7a.<\/span><\/span><\/p>\n<p class=\"s3\">\n<p class=\"s7\"><span class=\"s5\"><span class=\"bumpedFont15\">Documentos \u00e0 Disposi\u00e7\u00e3o dos Associados: <\/span><\/span><span class=\"s6\"><span class=\"bumpedFont15\">Nos termos do par\u00e1grafo primeiro, do artigo 1.078 do C\u00f3digo Civil (CC\/02), informamos que os documentos e informa\u00e7\u00f5es relativos \u00e0s mat\u00e9rias da ordem do dia estar\u00e3o \u00e0 disposi\u00e7\u00e3o dos associados na sede administrativa, isto \u00e9, na ger\u00eancia da Associa\u00e7\u00e3o <\/span><\/span><span class=\"s6\"><span class=\"bumpedFont15\">Brasileira Beneficente de Apoio ao Cidad\u00e3o<\/span><\/span><span class=\"s6\"><span class=\"bumpedFont15\">, a partir de <\/span><\/span><span class=\"s6\"><span class=\"bumpedFont15\">20<\/span><\/span><span class=\"s6\"><span class=\"bumpedFont15\"> de <\/span><\/span><span class=\"s6\"><span class=\"bumpedFont15\">janeiro <\/span><\/span><span class=\"s6\"><span class=\"bumpedFont15\">de 20<\/span><\/span><span class=\"s6\"><span class=\"bumpedFont15\">25<\/span><\/span><span class=\"s6\"><span class=\"bumpedFont15\">. <\/span><\/span><\/p>\n<p class=\"s7\">\n<p class=\"s3\"><span class=\"s4\"><span class=\"bumpedFont15\">Juiz de Fora, <\/span><\/span><span class=\"s4\"><span class=\"bumpedFont15\">1<\/span><\/span><span class=\"s4\"><span class=\"bumpedFont15\">4<\/span><\/span><span class=\"s4\"><span class=\"bumpedFont15\"> de <\/span><\/span><span class=\"s4\"><span class=\"bumpedFont15\">janeiro<\/span><\/span><span class=\"s4\"><span class=\"bumpedFont15\"> de 20<\/span><\/span><span class=\"s4\"><span class=\"bumpedFont15\">25<\/span><\/span><span class=\"s4\"><span class=\"bumpedFont15\">.<\/span><\/span><\/p>\n<p class=\"s3\">\n<p class=\"s3\"><span class=\"s4\"><span class=\"bumpedFont15\">Presidente da Diretoria<\/span><\/span><\/p>\n<p class=\"s3\"><span class=\"s4\"><span class=\"bumpedFont15\">Izabel Cristina Ribeiro Carpanez<\/span><\/span><span class=\"s4\"><span class=\"bumpedFont15\"> (<\/span><\/span><span class=\"s4\"><span class=\"bumpedFont15\">Tri\u00eanio<\/span><\/span><span class=\"s4\"><span class=\"bumpedFont15\"> 20<\/span><\/span><span class=\"s4\"><span class=\"bumpedFont15\">22<\/span><\/span><span class=\"s4\"><span class=\"bumpedFont15\">\/<\/span><\/span><span class=\"s4\"><span class=\"bumpedFont15\">24<\/span><\/span><span class=\"s4\"><span class=\"bumpedFont15\">)<\/span><\/span><\/p>\n","protected":false},"excerpt":{"rendered":"<p>ASSOCIA\u00c7\u00c3O BRASILEIRA BENEFICENTE DE APOIO AO CIDAD\u00c3O EDITAL DE CONVOCA\u00c7\u00c3O ASSEMBLEIA GERAL EXTRAORDIN\u00c1RIA A Presidente da Diretoria da Associa\u00e7\u00e3o Brasileira Beneficente de Apoio ao Cidad\u00e3o, situada na Av. Bar\u00e3o do Rio Branco n\u00ba 2.288\/1907, bairro Centro, Juiz de Fora\/MG, CEP 36.016-310, inscrito no CNPJ n\u00ba 07.030.719\/0001-14, no uso de suas atribui\u00e7\u00f5es e na forma convencional [&hellip;]<\/p>\n","protected":false},"author":246,"featured_media":0,"comment_status":"closed","ping_status":"closed","sticky":false,"template":"","format":"standard","meta":{"footnotes":""},"categories":[307],"tags":[],"class_list":["post-226268","post","type-post","status-publish","format-standard","hentry","category-editais"],"_links":{"self":[{"href":"https:\/\/diarioregionaldigital.com.br\/index.php?rest_route=\/wp\/v2\/posts\/226268","targetHints":{"allow":["GET"]}}],"collection":[{"href":"https:\/\/diarioregionaldigital.com.br\/index.php?rest_route=\/wp\/v2\/posts"}],"about":[{"href":"https:\/\/diarioregionaldigital.com.br\/index.php?rest_route=\/wp\/v2\/types\/post"}],"author":[{"embeddable":true,"href":"https:\/\/diarioregionaldigital.com.br\/index.php?rest_route=\/wp\/v2\/users\/246"}],"replies":[{"embeddable":true,"href":"https:\/\/diarioregionaldigital.com.br\/index.php?rest_route=%2Fwp%2Fv2%2Fcomments&post=226268"}],"version-history":[{"count":1,"href":"https:\/\/diarioregionaldigital.com.br\/index.php?rest_route=\/wp\/v2\/posts\/226268\/revisions"}],"predecessor-version":[{"id":226269,"href":"https:\/\/diarioregionaldigital.com.br\/index.php?rest_route=\/wp\/v2\/posts\/226268\/revisions\/226269"}],"wp:attachment":[{"href":"https:\/\/diarioregionaldigital.com.br\/index.php?rest_route=%2Fwp%2Fv2%2Fmedia&parent=226268"}],"wp:term":[{"taxonomy":"category","embeddable":true,"href":"https:\/\/diarioregionaldigital.com.br\/index.php?rest_route=%2Fwp%2Fv2%2Fcategories&post=226268"},{"taxonomy":"post_tag","embeddable":true,"href":"https:\/\/diarioregionaldigital.com.br\/index.php?rest_route=%2Fwp%2Fv2%2Ftags&post=226268"}],"curies":[{"name":"wp","href":"https:\/\/api.w.org\/{rel}","templated":true}]}}