{"id":226262,"date":"2025-01-10T19:29:55","date_gmt":"2025-01-10T22:29:55","guid":{"rendered":"https:\/\/diarioregionaldigital.com.br\/?p=226262"},"modified":"2025-01-10T19:29:55","modified_gmt":"2025-01-10T22:29:55","slug":"bairros-da-regiao-sudeste-podem-ter-abastecimento-de-agua-comprometido-devido-a-melhoria-de-sistema-da-cesama-na-proxima-terca-feira-14","status":"publish","type":"post","link":"https:\/\/diarioregionaldigital.com.br\/?p=226262","title":{"rendered":"Bairros da Regi\u00e3o Sudeste podem ter abastecimento de \u00e1gua comprometido devido a melhoria de sistema da Cesama na pr\u00f3xima ter\u00e7a-feira (14)"},"content":{"rendered":"<p>Segundo informa\u00e7\u00f5es do site da Prefeitura de Juiz de Fora (PJF), a manuten\u00e7\u00e3o de uma estrutura da Companhia de Saneamento Municipal (Cesama), com o objetivo de melhoria no sistema, pode comprometer, momentaneamente, o abastecimento de \u00e1gua de diversos bairros da Regi\u00e3o Sudeste de Juiz de Fora na pr\u00f3xima ter\u00e7a-feira (14). Os trabalhos consistem na automatiza\u00e7\u00e3o de uma v\u00e1lvula de entrada do Reservat\u00f3rio Tiguera. Para sua execu\u00e7\u00e3o, ser\u00e1 necess\u00e1rio interromper o funcionamento da Esta\u00e7\u00e3o Elevat\u00f3ria de \u00c1gua Tratada (EEAT) Tiguera, de responsabilidade da companhia.<\/p>\n<p>Segundo a Cesama, os bairros e\/ou loteamentos que podem ter o fornecimento prejudicado s\u00e3o: Tiguera, Nossa Senhora de Lourdes, S\u00e3o Conrado, Bar\u00e3o do Retiro, Granjas Bethel, Granjas Para\u00edso, Jardim Esperan\u00e7a, Pedras Preciosas, Parque das Palmeiras, Parque Jardim S\u00e3o Luiz, Quinta da Concei\u00e7\u00e3o, Retiro, Vila da Concei\u00e7\u00e3o, Vila S\u00e3o Jos\u00e9, Vila a, Vila Santo Ant\u00f4nio, Vivendas do Retiro, Alto Santo Ant\u00f4nio, Parque Serra Verde, Santo Ant\u00f4nio do Paraibuna, S\u00edtio S\u00e3o Joaquim, Campo Alegre, Vila da Prata, Terras Altas I e II, Floresta, Florestinha e adjac\u00eancias.<\/p>\n<p>A manuten\u00e7\u00e3o da v\u00e1lvula de entrada do Reservat\u00f3rio Tiguera est\u00e1 prevista para ser realizada entre 7h e 13h. De acordo com a companhia, o abastecimento ser\u00e1 reiniciado assim que o servi\u00e7o estiver conclu\u00eddo, com a expectativa ir se normalizando, gradualmente, at\u00e9 a noite de ter\u00e7a-feira (14).<\/p>\n","protected":false},"excerpt":{"rendered":"<p>Segundo informa\u00e7\u00f5es do site da Prefeitura de Juiz de Fora (PJF), a manuten\u00e7\u00e3o de uma estrutura da Companhia de Saneamento Municipal (Cesama), com o objetivo de melhoria no sistema, pode comprometer, momentaneamente, o abastecimento de \u00e1gua de diversos bairros da Regi\u00e3o Sudeste de Juiz de Fora na pr\u00f3xima ter\u00e7a-feira (14). Os trabalhos consistem na automatiza\u00e7\u00e3o [&hellip;]<\/p>\n","protected":false},"author":246,"featured_media":226263,"comment_status":"closed","ping_status":"closed","sticky":false,"template":"","format":"standard","meta":{"footnotes":""},"categories":[253,436,439],"tags":[],"class_list":["post-226262","post","type-post","status-publish","format-standard","has-post-thumbnail","hentry","category-cidade","category-destaque-da-semana","category-ultima-hora"],"_links":{"self":[{"href":"https:\/\/diarioregionaldigital.com.br\/index.php?rest_route=\/wp\/v2\/posts\/226262","targetHints":{"allow":["GET"]}}],"collection":[{"href":"https:\/\/diarioregionaldigital.com.br\/index.php?rest_route=\/wp\/v2\/posts"}],"about":[{"href":"https:\/\/diarioregionaldigital.com.br\/index.php?rest_route=\/wp\/v2\/types\/post"}],"author":[{"embeddable":true,"href":"https:\/\/diarioregionaldigital.com.br\/index.php?rest_route=\/wp\/v2\/users\/246"}],"replies":[{"embeddable":true,"href":"https:\/\/diarioregionaldigital.com.br\/index.php?rest_route=%2Fwp%2Fv2%2Fcomments&post=226262"}],"version-history":[{"count":1,"href":"https:\/\/diarioregionaldigital.com.br\/index.php?rest_route=\/wp\/v2\/posts\/226262\/revisions"}],"predecessor-version":[{"id":226264,"href":"https:\/\/diarioregionaldigital.com.br\/index.php?rest_route=\/wp\/v2\/posts\/226262\/revisions\/226264"}],"wp:featuredmedia":[{"embeddable":true,"href":"https:\/\/diarioregionaldigital.com.br\/index.php?rest_route=\/wp\/v2\/media\/226263"}],"wp:attachment":[{"href":"https:\/\/diarioregionaldigital.com.br\/index.php?rest_route=%2Fwp%2Fv2%2Fmedia&parent=226262"}],"wp:term":[{"taxonomy":"category","embeddable":true,"href":"https:\/\/diarioregionaldigital.com.br\/index.php?rest_route=%2Fwp%2Fv2%2Fcategories&post=226262"},{"taxonomy":"post_tag","embeddable":true,"href":"https:\/\/diarioregionaldigital.com.br\/index.php?rest_route=%2Fwp%2Fv2%2Ftags&post=226262"}],"curies":[{"name":"wp","href":"https:\/\/api.w.org\/{rel}","templated":true}]}}