{"id":226249,"date":"2025-01-10T19:25:27","date_gmt":"2025-01-10T22:25:27","guid":{"rendered":"https:\/\/diarioregionaldigital.com.br\/?p=226249"},"modified":"2025-01-10T19:25:27","modified_gmt":"2025-01-10T22:25:27","slug":"inflacao-usada-para-calculo-de-reajuste-de-salario-e-de-477","status":"publish","type":"post","link":"https:\/\/diarioregionaldigital.com.br\/?p=226249","title":{"rendered":"Infla\u00e7\u00e3o usada para c\u00e1lculo de reajuste de sal\u00e1rio \u00e9 de 4,77%"},"content":{"rendered":"<p>O \u00cdndice Nacional de Pre\u00e7os ao Consumidor (INPC) de dezembro ficou em 0,48%, fazendo com que em 2024 terminasse em 4,77%. O \u00edndice de infla\u00e7\u00e3o \u00e9 utilizado para o c\u00e1lculo do reajuste anual de sal\u00e1rios de diversas categorias de trabalhadores.<img decoding=\"async\" src=\"https:\/\/agenciabrasil.ebc.com.br\/ebc.png?id=1626494&amp;o=node\" \/><img decoding=\"async\" src=\"https:\/\/agenciabrasil.ebc.com.br\/ebc.gif?id=1626494&amp;o=node\" \/><\/p>\n<p>O resultado foi divulgado nesta sexta-feira (10), no Rio de Janeiro, pelo Instituto Brasileiro de Geografia e Estat\u00edstica (IBGE). Em 2023, o \u00edndice foi de 3,71%.<\/p>\n<p>O INPC de 2024 foi puxado, principalmente, pelo grupo alimenta\u00e7\u00e3o e bebidas, que acumulou alta de 7,60% em 12 meses, representando impacto de 1,83 p.p. (ponto percentual) na taxa do ano. O segundo maior impacto coube ao grupo transportes, que subiu 3,77% (0,74 p.p.)<\/p>\n<p>O IBGE informou, tamb\u00e9m, que o\u00a0<a href=\"https:\/\/agenciabrasil.ebc.com.br\/economia\/noticia\/2025-01\/inflacao-oficial-do-pais-em-2024-e-de-483-acima-do-limite-da-meta\" target=\"_blank\" rel=\"noopener\">\u00cdndice Nacional de Pre\u00e7os ao Consumidor Amplo (IPCA) &#8211; considerado a infla\u00e7\u00e3o oficial do pa\u00eds &#8211;<\/a>\u00a0fechou 2024 em 4,83%, acima do limite m\u00e1ximo da meta de infla\u00e7\u00e3o do governo.<\/p>\n<h2>Diferen\u00e7as<\/h2>\n<p>O INPC e o IPCA apuram o custo de vida para fam\u00edlias em Bel\u00e9m, Fortaleza, Recife, Salvador, Belo Horizonte, Vit\u00f3ria, Rio de Janeiro, S\u00e3o Paulo, Curitiba, Porto Alegre, Distrito Federal, Goi\u00e2nia, Campo Grande, Rio Branco, S\u00e3o Lu\u00eds e Aracaju.<\/p>\n<p>A diferen\u00e7a entre eles \u00e9 que o IPCA leva em conta fam\u00edlias com rendimentos entre um e 40 sal\u00e1rios m\u00ednimos; e o INPC apenas at\u00e9 cinco sal\u00e1rios m\u00ednimos.<\/p>\n<p>O peso dos produtos e servi\u00e7os tamb\u00e9m \u00e9 diferente. No INPC, alimentos e bebidas t\u00eam mais peso que no IPCA. Ou seja, o IBGE tem dados que mostram que fam\u00edlias mais pobres gastam proporcionalmente mais com comida do que as mais ricas. O inverso acontece com as passagens a\u00e9reas e planos de sa\u00fade, por exemplo.<\/p>\n<p>Muitos sindicatos de trabalhadores escolhem o INPC para \u00edndice de c\u00e1lculo de reajuste anual.\u00a0<a href=\"https:\/\/agenciabrasil.ebc.com.br\/economia\/noticia\/2025-01\/salario-minimo-passa-para-r-1518-partir-desta-quarta\" target=\"_blank\" rel=\"noopener\">O sal\u00e1rio m\u00ednimo<\/a>\u00a0tamb\u00e9m leva em considera\u00e7\u00e3o o INPC na f\u00f3rmula de reajuste, por\u00e9m, acompanha o acumulado de 12 meses encerrados em novembro (4,84%), de forma que o novo sal\u00e1rio possa ser definido pelo governo ainda no fim de dezembro para vigorar em janeiro.<\/p>\n<p>Fonte: Ag\u00eancia Brasil<\/p>\n","protected":false},"excerpt":{"rendered":"<p>O \u00cdndice Nacional de Pre\u00e7os ao Consumidor (INPC) de dezembro ficou em 0,48%, fazendo com que em 2024 terminasse em 4,77%. O \u00edndice de infla\u00e7\u00e3o \u00e9 utilizado para o c\u00e1lculo do reajuste anual de sal\u00e1rios de diversas categorias de trabalhadores. O resultado foi divulgado nesta sexta-feira (10), no Rio de Janeiro, pelo Instituto Brasileiro de [&hellip;]<\/p>\n","protected":false},"author":246,"featured_media":226250,"comment_status":"closed","ping_status":"closed","sticky":false,"template":"","format":"standard","meta":{"footnotes":""},"categories":[302,436,440,261,254,439],"tags":[],"class_list":["post-226249","post","type-post","status-publish","format-standard","has-post-thumbnail","hentry","category-brasil-mundo","category-destaque-da-semana","category-destaques-do-dia","category-economia","category-politica","category-ultima-hora"],"_links":{"self":[{"href":"https:\/\/diarioregionaldigital.com.br\/index.php?rest_route=\/wp\/v2\/posts\/226249","targetHints":{"allow":["GET"]}}],"collection":[{"href":"https:\/\/diarioregionaldigital.com.br\/index.php?rest_route=\/wp\/v2\/posts"}],"about":[{"href":"https:\/\/diarioregionaldigital.com.br\/index.php?rest_route=\/wp\/v2\/types\/post"}],"author":[{"embeddable":true,"href":"https:\/\/diarioregionaldigital.com.br\/index.php?rest_route=\/wp\/v2\/users\/246"}],"replies":[{"embeddable":true,"href":"https:\/\/diarioregionaldigital.com.br\/index.php?rest_route=%2Fwp%2Fv2%2Fcomments&post=226249"}],"version-history":[{"count":1,"href":"https:\/\/diarioregionaldigital.com.br\/index.php?rest_route=\/wp\/v2\/posts\/226249\/revisions"}],"predecessor-version":[{"id":226251,"href":"https:\/\/diarioregionaldigital.com.br\/index.php?rest_route=\/wp\/v2\/posts\/226249\/revisions\/226251"}],"wp:featuredmedia":[{"embeddable":true,"href":"https:\/\/diarioregionaldigital.com.br\/index.php?rest_route=\/wp\/v2\/media\/226250"}],"wp:attachment":[{"href":"https:\/\/diarioregionaldigital.com.br\/index.php?rest_route=%2Fwp%2Fv2%2Fmedia&parent=226249"}],"wp:term":[{"taxonomy":"category","embeddable":true,"href":"https:\/\/diarioregionaldigital.com.br\/index.php?rest_route=%2Fwp%2Fv2%2Fcategories&post=226249"},{"taxonomy":"post_tag","embeddable":true,"href":"https:\/\/diarioregionaldigital.com.br\/index.php?rest_route=%2Fwp%2Fv2%2Ftags&post=226249"}],"curies":[{"name":"wp","href":"https:\/\/api.w.org\/{rel}","templated":true}]}}