{"id":226246,"date":"2025-01-10T01:19:38","date_gmt":"2025-01-10T04:19:38","guid":{"rendered":"https:\/\/diarioregionaldigital.com.br\/?p=226246"},"modified":"2025-01-10T01:19:38","modified_gmt":"2025-01-10T04:19:38","slug":"edital-de-convocacao-assembleia-geral-extra-ordinaria-10-01-1202","status":"publish","type":"post","link":"https:\/\/diarioregionaldigital.com.br\/?p=226246","title":{"rendered":"Edital de Convoca\u00e7\u00e3o Assembleia Geral Extra-Ordin\u00e1ria &#8211; 10\/01\/1202"},"content":{"rendered":"<p>Edital de Convoca\u00e7\u00e3o<br \/>\nAssembleia Geral Extra-Ordin\u00e1ria<\/p>\n<p>Juiz de Fora, 09 de janeiro de 2025.<\/p>\n<p>Na qualidade de s\u00edndica do Condom\u00ednio Quintas Bella Vista , situado na Rodovia BR 267, KM 126 \/ \u00e1rea &#8211; A1, Bairro Igrejinha, Juiz de Fora\/MG, no uso das atribui\u00e7\u00f5es, convido os cond\u00f4minos para Assembleia Geral Extra Ordin\u00e1ria, que se far\u00e1 realizar no pr\u00f3ximo dia 17 de janeiro de 2025, sexta feira, na cobertura do Hotel Serrano , situado na Rua Santa Rita , n\u00famero 399, \u00e0s 18:30 em primeira chamada, quando h\u00e1 a necessidade da presen\u00e7a de cond\u00f4minos que representem 2\/3 das unidades ou \u00e0s 19h00 em segunda e \u00faltima chamada com n\u00famero de presentes, a fim de deliberarem sobre as seguintes ordens do dia:<br \/>\n1. Retifica\u00e7\u00e3o dos valores aprovados na \u00faltima AGO referente ao ressarcimento do IPTU pago pela LC Fonseca;<br \/>\n2. Tratativa sobre a forma de pagamento do IPTU exerc\u00edcio 2025 emitido pela Prefeitura Municipal de Juiz de Fora;<br \/>\n3. Aprova\u00e7\u00e3o de Contrata\u00e7\u00e3o de Empresa para per\u00edcia t\u00e9cnica no condom\u00ednio.<br \/>\n4. Diretrizes para o ano de 2025: tais como melhorias e manuten\u00e7\u00f5es obrigat\u00f3rias por lei.<br \/>\n5. Assuntos Gerais.<br \/>\nEm virtude dos assuntos a serem tratados, lembro a todos da conveni\u00eancia de comparecer ou se fazer representar por espec\u00edfica procura\u00e7\u00e3o.<br \/>\nEsclare\u00e7o aos senhores cond\u00f4minos ou seus representantes que n\u00e3o poder\u00e3o votar e nem serem votados nas delibera\u00e7\u00f5es da assembleia se n\u00e3o estiverem em dia com suas obriga\u00e7\u00f5es condominiais, sendo nulos seus votos e presen\u00e7as, conforme o Artigo 1.335, inciso III do C\u00f3digo Civil\u00b2<br \/>\nRessalto ainda que os cond\u00f4minos ausentes n\u00e3o estar\u00e3o desobrigados do fiel cumprimento das delibera\u00e7\u00f5es tomadas em assembleia.<\/p>\n<p>Cordialmente,<br \/>\nElisangela Nogueira<\/p>\n","protected":false},"excerpt":{"rendered":"<p>Edital de Convoca\u00e7\u00e3o Assembleia Geral Extra-Ordin\u00e1ria Juiz de Fora, 09 de janeiro de 2025. Na qualidade de s\u00edndica do Condom\u00ednio Quintas Bella Vista , situado na Rodovia BR 267, KM 126 \/ \u00e1rea &#8211; A1, Bairro Igrejinha, Juiz de Fora\/MG, no uso das atribui\u00e7\u00f5es, convido os cond\u00f4minos para Assembleia Geral Extra Ordin\u00e1ria, que se far\u00e1 [&hellip;]<\/p>\n","protected":false},"author":246,"featured_media":0,"comment_status":"closed","ping_status":"closed","sticky":false,"template":"","format":"standard","meta":{"footnotes":""},"categories":[307],"tags":[],"class_list":["post-226246","post","type-post","status-publish","format-standard","hentry","category-editais"],"_links":{"self":[{"href":"https:\/\/diarioregionaldigital.com.br\/index.php?rest_route=\/wp\/v2\/posts\/226246","targetHints":{"allow":["GET"]}}],"collection":[{"href":"https:\/\/diarioregionaldigital.com.br\/index.php?rest_route=\/wp\/v2\/posts"}],"about":[{"href":"https:\/\/diarioregionaldigital.com.br\/index.php?rest_route=\/wp\/v2\/types\/post"}],"author":[{"embeddable":true,"href":"https:\/\/diarioregionaldigital.com.br\/index.php?rest_route=\/wp\/v2\/users\/246"}],"replies":[{"embeddable":true,"href":"https:\/\/diarioregionaldigital.com.br\/index.php?rest_route=%2Fwp%2Fv2%2Fcomments&post=226246"}],"version-history":[{"count":1,"href":"https:\/\/diarioregionaldigital.com.br\/index.php?rest_route=\/wp\/v2\/posts\/226246\/revisions"}],"predecessor-version":[{"id":226247,"href":"https:\/\/diarioregionaldigital.com.br\/index.php?rest_route=\/wp\/v2\/posts\/226246\/revisions\/226247"}],"wp:attachment":[{"href":"https:\/\/diarioregionaldigital.com.br\/index.php?rest_route=%2Fwp%2Fv2%2Fmedia&parent=226246"}],"wp:term":[{"taxonomy":"category","embeddable":true,"href":"https:\/\/diarioregionaldigital.com.br\/index.php?rest_route=%2Fwp%2Fv2%2Fcategories&post=226246"},{"taxonomy":"post_tag","embeddable":true,"href":"https:\/\/diarioregionaldigital.com.br\/index.php?rest_route=%2Fwp%2Fv2%2Ftags&post=226246"}],"curies":[{"name":"wp","href":"https:\/\/api.w.org\/{rel}","templated":true}]}}