{"id":226243,"date":"2025-01-09T19:56:13","date_gmt":"2025-01-09T22:56:13","guid":{"rendered":"https:\/\/diarioregionaldigital.com.br\/?p=226243"},"modified":"2025-01-09T19:56:13","modified_gmt":"2025-01-09T22:56:13","slug":"manutencao-da-cemig-pode-comprometer-abastecimento-de-agua-nos-bairros-vila-dos-sonhos-e-parte-do-grama-nesta-sexta-feira-10","status":"publish","type":"post","link":"https:\/\/diarioregionaldigital.com.br\/?p=226243","title":{"rendered":"Manuten\u00e7\u00e3o da Cemig pode comprometer abastecimento de \u00e1gua nos bairros Vila dos Sonhos e parte do Grama, nesta sexta-feira, 10"},"content":{"rendered":"<p>Segundo informa\u00e7\u00f5es do site da Prefeitura de Juiz de Fora (PJF), uma manuten\u00e7\u00e3o programada pela Companhia Energ\u00e9tica de Minas Gerais (Cemig) nesta sexta-feira (10) pode afetar o abastecimento de \u00e1gua nos bairros Vila dos Sonhos e parte do Grama. O comprometimento acontece porque interrup\u00e7\u00e3o de energia atinge a regi\u00e3o onde est\u00e1 localizada a Esta\u00e7\u00e3o Elevat\u00f3ria de \u00c1gua Tratada (EEAT) Booster Vila dos Sonhos, de responsabilidade da Companhia de Saneamento Municipal (Cesama).<\/p>\n<p>De acordo com Cemig, a manuten\u00e7\u00e3o est\u00e1 programada para ocorrer entre 10h e 17h. A Cesama informa que, assim que a energia for restabelecida, os trabalhos ser\u00e3o retomados. A previs\u00e3o \u00e9 de que o fornecimento de \u00e1gua esteja normalizado ainda na sexta-feira, at\u00e9 a noite.<\/p>\n","protected":false},"excerpt":{"rendered":"<p>Segundo informa\u00e7\u00f5es do site da Prefeitura de Juiz de Fora (PJF), uma manuten\u00e7\u00e3o programada pela Companhia Energ\u00e9tica de Minas Gerais (Cemig) nesta sexta-feira (10) pode afetar o abastecimento de \u00e1gua nos bairros Vila dos Sonhos e parte do Grama. O comprometimento acontece porque interrup\u00e7\u00e3o de energia atinge a regi\u00e3o onde est\u00e1 localizada a Esta\u00e7\u00e3o Elevat\u00f3ria [&hellip;]<\/p>\n","protected":false},"author":246,"featured_media":226244,"comment_status":"closed","ping_status":"closed","sticky":false,"template":"","format":"standard","meta":{"footnotes":""},"categories":[253,436,439],"tags":[],"class_list":["post-226243","post","type-post","status-publish","format-standard","has-post-thumbnail","hentry","category-cidade","category-destaque-da-semana","category-ultima-hora"],"_links":{"self":[{"href":"https:\/\/diarioregionaldigital.com.br\/index.php?rest_route=\/wp\/v2\/posts\/226243","targetHints":{"allow":["GET"]}}],"collection":[{"href":"https:\/\/diarioregionaldigital.com.br\/index.php?rest_route=\/wp\/v2\/posts"}],"about":[{"href":"https:\/\/diarioregionaldigital.com.br\/index.php?rest_route=\/wp\/v2\/types\/post"}],"author":[{"embeddable":true,"href":"https:\/\/diarioregionaldigital.com.br\/index.php?rest_route=\/wp\/v2\/users\/246"}],"replies":[{"embeddable":true,"href":"https:\/\/diarioregionaldigital.com.br\/index.php?rest_route=%2Fwp%2Fv2%2Fcomments&post=226243"}],"version-history":[{"count":1,"href":"https:\/\/diarioregionaldigital.com.br\/index.php?rest_route=\/wp\/v2\/posts\/226243\/revisions"}],"predecessor-version":[{"id":226245,"href":"https:\/\/diarioregionaldigital.com.br\/index.php?rest_route=\/wp\/v2\/posts\/226243\/revisions\/226245"}],"wp:featuredmedia":[{"embeddable":true,"href":"https:\/\/diarioregionaldigital.com.br\/index.php?rest_route=\/wp\/v2\/media\/226244"}],"wp:attachment":[{"href":"https:\/\/diarioregionaldigital.com.br\/index.php?rest_route=%2Fwp%2Fv2%2Fmedia&parent=226243"}],"wp:term":[{"taxonomy":"category","embeddable":true,"href":"https:\/\/diarioregionaldigital.com.br\/index.php?rest_route=%2Fwp%2Fv2%2Fcategories&post=226243"},{"taxonomy":"post_tag","embeddable":true,"href":"https:\/\/diarioregionaldigital.com.br\/index.php?rest_route=%2Fwp%2Fv2%2Ftags&post=226243"}],"curies":[{"name":"wp","href":"https:\/\/api.w.org\/{rel}","templated":true}]}}