{"id":226237,"date":"2025-01-09T19:54:22","date_gmt":"2025-01-09T22:54:22","guid":{"rendered":"https:\/\/diarioregionaldigital.com.br\/?p=226237"},"modified":"2025-01-09T19:54:22","modified_gmt":"2025-01-09T22:54:22","slug":"a-10a-colonia-de-ferias-da-praca-ceu-inicia-inscricoes-a-partir-de-segunda-feira-13","status":"publish","type":"post","link":"https:\/\/diarioregionaldigital.com.br\/?p=226237","title":{"rendered":"A 10\u00aa Col\u00f4nia de F\u00e9rias da Pra\u00e7a CEU inicia inscri\u00e7\u00f5es a partir de segunda-feira, 13"},"content":{"rendered":"<p>Segundo informa\u00e7\u00f5es do site da Prefeitura de Juiz de Fora (PJF), a\u00a0Pra\u00e7a CEU, em Benfica, realiza a 10\u00aa edi\u00e7\u00e3o de sua tradicional Col\u00f4nia de F\u00e9rias, com atividades entre os dias 20 e 24 de janeiro. As inscri\u00e7\u00f5es come\u00e7am no dia 13 de janeiro e devem ser feitas presencialmente na secretaria da Pra\u00e7a CEU (Av. Juscelino Kubitschek, 5.899), de segunda a sexta-feira, das 8h \u00e0s 19h, ou at\u00e9 o preenchimento das vagas.<\/p>\n<p>A participa\u00e7\u00e3o \u00e9 gratuita, destinada a crian\u00e7as de 6 a 14 anos, e aberta a todos, independentemente de matr\u00edcula em oficinas regulares do espa\u00e7o. As vagas, limitadas a 50 por turma, ser\u00e3o preenchidas por ordem de chegada, mediante apresenta\u00e7\u00e3o de documento de identifica\u00e7\u00e3o e assinatura de um termo de autoriza\u00e7\u00e3o para passeios externos e atividades aqu\u00e1ticas.<\/p>\n<p>Entre as atra\u00e7\u00f5es j\u00e1 confirmadas est\u00e3o amistosos de futsal, jogos de basquete e queimada, aul\u00f5es de dan\u00e7a, recrea\u00e7\u00e3o com pintura, gincanas, oficinas de culin\u00e1ria e uma edi\u00e7\u00e3o especial do projeto &#8220;Cine CEU&#8221;. A programa\u00e7\u00e3o oferece duas turmas: uma no per\u00edodo da manh\u00e3, das 8h \u00e0s 11h, e outra \u00e0 tarde, das 13h \u00e0s 16h.<\/p>\n","protected":false},"excerpt":{"rendered":"<p>Segundo informa\u00e7\u00f5es do site da Prefeitura de Juiz de Fora (PJF), a\u00a0Pra\u00e7a CEU, em Benfica, realiza a 10\u00aa edi\u00e7\u00e3o de sua tradicional Col\u00f4nia de F\u00e9rias, com atividades entre os dias 20 e 24 de janeiro. As inscri\u00e7\u00f5es come\u00e7am no dia 13 de janeiro e devem ser feitas presencialmente na secretaria da Pra\u00e7a CEU (Av. Juscelino [&hellip;]<\/p>\n","protected":false},"author":246,"featured_media":226238,"comment_status":"closed","ping_status":"closed","sticky":false,"template":"","format":"standard","meta":{"footnotes":""},"categories":[253,436,440,439],"tags":[],"class_list":["post-226237","post","type-post","status-publish","format-standard","has-post-thumbnail","hentry","category-cidade","category-destaque-da-semana","category-destaques-do-dia","category-ultima-hora"],"_links":{"self":[{"href":"https:\/\/diarioregionaldigital.com.br\/index.php?rest_route=\/wp\/v2\/posts\/226237","targetHints":{"allow":["GET"]}}],"collection":[{"href":"https:\/\/diarioregionaldigital.com.br\/index.php?rest_route=\/wp\/v2\/posts"}],"about":[{"href":"https:\/\/diarioregionaldigital.com.br\/index.php?rest_route=\/wp\/v2\/types\/post"}],"author":[{"embeddable":true,"href":"https:\/\/diarioregionaldigital.com.br\/index.php?rest_route=\/wp\/v2\/users\/246"}],"replies":[{"embeddable":true,"href":"https:\/\/diarioregionaldigital.com.br\/index.php?rest_route=%2Fwp%2Fv2%2Fcomments&post=226237"}],"version-history":[{"count":1,"href":"https:\/\/diarioregionaldigital.com.br\/index.php?rest_route=\/wp\/v2\/posts\/226237\/revisions"}],"predecessor-version":[{"id":226239,"href":"https:\/\/diarioregionaldigital.com.br\/index.php?rest_route=\/wp\/v2\/posts\/226237\/revisions\/226239"}],"wp:featuredmedia":[{"embeddable":true,"href":"https:\/\/diarioregionaldigital.com.br\/index.php?rest_route=\/wp\/v2\/media\/226238"}],"wp:attachment":[{"href":"https:\/\/diarioregionaldigital.com.br\/index.php?rest_route=%2Fwp%2Fv2%2Fmedia&parent=226237"}],"wp:term":[{"taxonomy":"category","embeddable":true,"href":"https:\/\/diarioregionaldigital.com.br\/index.php?rest_route=%2Fwp%2Fv2%2Fcategories&post=226237"},{"taxonomy":"post_tag","embeddable":true,"href":"https:\/\/diarioregionaldigital.com.br\/index.php?rest_route=%2Fwp%2Fv2%2Ftags&post=226237"}],"curies":[{"name":"wp","href":"https:\/\/api.w.org\/{rel}","templated":true}]}}