{"id":226233,"date":"2025-01-09T19:32:48","date_gmt":"2025-01-09T22:32:48","guid":{"rendered":"https:\/\/diarioregionaldigital.com.br\/?p=226233"},"modified":"2025-01-09T19:32:48","modified_gmt":"2025-01-09T22:32:48","slug":"thiago-monteiro-e-joao-fonseca-se-classificam-a-aberto-da-australia","status":"publish","type":"post","link":"https:\/\/diarioregionaldigital.com.br\/?p=226233","title":{"rendered":"Thiago Monteiro e Jo\u00e3o Fonseca se classificam a Aberto da Austr\u00e1lia"},"content":{"rendered":"<p>O t\u00eanis brasileiro ter\u00e1 quatro representantes na chave principal do Aberto da Austr\u00e1lia, ap\u00f3s a classifica\u00e7\u00e3o de Jo\u00e3o Fonseca e Thiago Monteiro, que venceram o qualifying (qualificat\u00f3rio) na madrugada desta quinta-feira (9). Os dois se juntam a Beatriz Haddad e Thiago Wild, j\u00e1 assegurados pelo ranking mundial. O quarteto estreia neste fim de semana em Melbourne.<img decoding=\"async\" src=\"https:\/\/agenciabrasil.ebc.com.br\/ebc.png?id=1626354&amp;o=node\" \/><img decoding=\"async\" src=\"https:\/\/agenciabrasil.ebc.com.br\/ebc.gif?id=1626354&amp;o=node\" \/><\/p>\n<p>O Grand Slam ser\u00e1 o primeiro na carreira do carioca Jo\u00e3o Fonseca, de 18 anos, que saltou no \u00faltimo domingo (4) da 145\u00aa para a 113\u00aa posi\u00e7\u00e3o no ranking mundial, ap\u00f3s duas conquistas recentes: o Next Gen ATP Finals e o Challenger de Camberra. Na estreia, no domingo (12), o carioca \u2013 invicto h\u00e1 13 partidas &#8211; ter\u00e1 como advers\u00e1rio o russo Andrey Rublev, n\u00famero 9 do mundo. Os duelos da primeira rodada s\u00e3o definidos por sorteio. O hor\u00e1rio da partida ainda ser\u00e1 anunciado pelos organizadores.<\/p>\n<blockquote><p>\u201cQuero agradecer todo mundo pela torcida, pelo apoio e pelo suporte maravilhoso. Torcida hoje na quadra foi sensacional tamb\u00e9m. Primeira vez na chave principal de um Grand Slam, estou muito animado, passando um pouco pela tens\u00e3o do qualifying, mas estou vindo de jogos confiantes, resultados muito bons e vamos acreditar cada vez mais, seguir cada vez mais. Vamos com tudo. Nos vemos na chave principal\u201d, comemorou Jo\u00e3o Fonseca, durante entrevista ap\u00f3s a vit\u00f3ria na terceira e \u00faltima rodada do quali.<\/p><\/blockquote>\n<p>Tamb\u00e9m classificado \u00e0 chave principal, o cearense Thiago Monteiro, n\u00famero 106 do mundo, estrear\u00e1 domingo (11) em Melbourne contra o japon\u00eas Kei Nishikori, ex-top 5 que ocupa atualmente a 74\u00aa posi\u00e7\u00e3o no ranking. Os dois se enfrentaram em Wimbledon, com vit\u00f3ria do asi\u00e1tico.<\/p>\n<p>Monteiro assegurou vaga no Aberto da Austr\u00e1lia, ao eliminar hoje o belga Kimmer Coppejans, por 2 sets a 0 (6\/4 e 6\/3).<\/p>\n<p>Classificados pelo ranking, a paulista Bia Haddad e o paranaense Thiago Wild estrear\u00e3o no domingo (12). N\u00famero 16 do mundo, Bia \u00e9 cabe\u00e7a de chave 14 e ter\u00e1 pela frente a argentina Julia Riera (147\u00aa no ranking). J\u00e1 Wild (76\u00ba) vai encarar o h\u00fangaro Fabin Marozsan (57\u00ba).<\/p>\n<h2>Dupla de Bia Haddad na final do WTA de Adelaide<\/h2>\n<p>A quinta (9) tamb\u00e9m come\u00e7ou bem para Bia Haddad, que avan\u00e7ou \u00e0 final de duplas do WTA 500 de Adelaide, torneio preparat\u00f3rio para o Aberto da Austr\u00e1lia. Em parceria com a alem\u00e3 Laura Siegemund, a brasileira derrotou a dupla da cazaque Ana Danilina com a russa Irina Khromacheva, por 2 sets a 1 (6\/2, 5\/7 e 10\/7).<\/p>\n<p>Na final, Bia e Laura disputar\u00e3o o t\u00edtulo com a dupla da chinesa Hanyu Guo com a russa Alexandra Panova. O dia e a hora da partida ainda ser\u00e3o anunciados pela organiza\u00e7\u00e3o do evento<\/p>\n<p>Fonte: Ag\u00eancia Brasil<\/p>\n","protected":false},"excerpt":{"rendered":"<p>O t\u00eanis brasileiro ter\u00e1 quatro representantes na chave principal do Aberto da Austr\u00e1lia, ap\u00f3s a classifica\u00e7\u00e3o de Jo\u00e3o Fonseca e Thiago Monteiro, que venceram o qualifying (qualificat\u00f3rio) na madrugada desta quinta-feira (9). Os dois se juntam a Beatriz Haddad e Thiago Wild, j\u00e1 assegurados pelo ranking mundial. O quarteto estreia neste fim de semana em [&hellip;]<\/p>\n","protected":false},"author":246,"featured_media":226235,"comment_status":"closed","ping_status":"closed","sticky":false,"template":"","format":"standard","meta":{"footnotes":""},"categories":[436,440,257,439],"tags":[],"class_list":["post-226233","post","type-post","status-publish","format-standard","has-post-thumbnail","hentry","category-destaque-da-semana","category-destaques-do-dia","category-esporte","category-ultima-hora"],"_links":{"self":[{"href":"https:\/\/diarioregionaldigital.com.br\/index.php?rest_route=\/wp\/v2\/posts\/226233","targetHints":{"allow":["GET"]}}],"collection":[{"href":"https:\/\/diarioregionaldigital.com.br\/index.php?rest_route=\/wp\/v2\/posts"}],"about":[{"href":"https:\/\/diarioregionaldigital.com.br\/index.php?rest_route=\/wp\/v2\/types\/post"}],"author":[{"embeddable":true,"href":"https:\/\/diarioregionaldigital.com.br\/index.php?rest_route=\/wp\/v2\/users\/246"}],"replies":[{"embeddable":true,"href":"https:\/\/diarioregionaldigital.com.br\/index.php?rest_route=%2Fwp%2Fv2%2Fcomments&post=226233"}],"version-history":[{"count":1,"href":"https:\/\/diarioregionaldigital.com.br\/index.php?rest_route=\/wp\/v2\/posts\/226233\/revisions"}],"predecessor-version":[{"id":226236,"href":"https:\/\/diarioregionaldigital.com.br\/index.php?rest_route=\/wp\/v2\/posts\/226233\/revisions\/226236"}],"wp:featuredmedia":[{"embeddable":true,"href":"https:\/\/diarioregionaldigital.com.br\/index.php?rest_route=\/wp\/v2\/media\/226235"}],"wp:attachment":[{"href":"https:\/\/diarioregionaldigital.com.br\/index.php?rest_route=%2Fwp%2Fv2%2Fmedia&parent=226233"}],"wp:term":[{"taxonomy":"category","embeddable":true,"href":"https:\/\/diarioregionaldigital.com.br\/index.php?rest_route=%2Fwp%2Fv2%2Fcategories&post=226233"},{"taxonomy":"post_tag","embeddable":true,"href":"https:\/\/diarioregionaldigital.com.br\/index.php?rest_route=%2Fwp%2Fv2%2Ftags&post=226233"}],"curies":[{"name":"wp","href":"https:\/\/api.w.org\/{rel}","templated":true}]}}