{"id":226230,"date":"2025-01-09T19:29:51","date_gmt":"2025-01-09T22:29:51","guid":{"rendered":"https:\/\/diarioregionaldigital.com.br\/?p=226230"},"modified":"2025-01-09T19:29:51","modified_gmt":"2025-01-09T22:29:51","slug":"governo-de-minas-utiliza-drones-no-enfrentamento-da-dengue","status":"publish","type":"post","link":"https:\/\/diarioregionaldigital.com.br\/?p=226230","title":{"rendered":"Governo de Minas utiliza drones no enfrentamento da dengue"},"content":{"rendered":"<p>Para ajudar no combate \u00e0 dengue, zika e chikungunya, o\u00a0<a href=\"https:\/\/www.mg.gov.br\/\" target=\"_blank\" rel=\"noopener\">Governo de Minas<\/a>\u00a0investe em um refor\u00e7o inovador: o uso de drones. Os equipamentos est\u00e3o sendo utilizados para mapear e tratar os locais com ac\u00famulo de \u00e1gua parada que possam se tornar criadouros do\u00a0<em>Aedes aegypti<\/em>\u00a0e, dessa forma, auxiliar na redu\u00e7\u00e3o do n\u00famero de casos das doen\u00e7as transmitidas pelo mosquito.<\/p>\n<p>A estrat\u00e9gia \u00e9 fruto da pol\u00edtica Vigidrones, criada pela\u00a0<a href=\"https:\/\/www.saude.mg.gov.br\/\" target=\"_blank\" rel=\"noopener\">Secretaria de Estado de Sa\u00fade de Minas Gerais (SES-MG)<\/a>, que est\u00e1 sendo implementada nas 28 Unidades Regionais de Sa\u00fade (URS) de forma gradual, para otimizar o trabalho dos Agentes Comunit\u00e1rios de Endemias (ACE) dos munic\u00edpios.<\/p>\n<p>Os drones permitem a identifica\u00e7\u00e3o de \u00e1reas de dif\u00edcil acesso, como caixas d\u2019\u00e1gua e piscinas descobertas, e possibilitam a aplica\u00e7\u00e3o precisa de larvicidas.<\/p>\n<p>Segundo o subsecret\u00e1rio de Vigil\u00e2ncia em Sa\u00fade da SES-MG,\u00a0Eduardo Prosdocimi, os resultados iniciais s\u00e3o promissores. \u201cObservamos uma significativa elimina\u00e7\u00e3o de focos de \u00e1gua parada e do vetor nos munic\u00edpios que iniciaram o mapeamento\u201d, destaca, ressaltando a relev\u00e2ncia da tecnologia.\u00a0\u201cMinas est\u00e1 liderando o uso de recursos avan\u00e7ados para prevenir epidemias de dengue e gerenciar emerg\u00eancias de sa\u00fade p\u00fablica\u201d.<\/p>\n<p>O vice-governador de Minas Gerais, Professor Mateus, evidencia o pioneirismo do estado, primeiro do Brasil a adotar a estrat\u00e9gia.<\/p>\n<table border=\"0\" cellspacing=\"1\" cellpadding=\"1\" align=\"center\">\n<tbody>\n<tr>\n<td colspan=\"5\"><img decoding=\"async\" src=\"https:\/\/www.agenciaminas.mg.gov.br\/ckeditor_assets\/pictures\/20949\/content_2_olho_topo.jpg\" alt=\"\" \/><\/td>\n<\/tr>\n<tr>\n<td><\/td>\n<td colspan=\"3\" rowspan=\"3\">\n<h1><strong>&#8220;Com a Vigidrones, estamos avan\u00e7ando de forma in\u00e9dita no enfrentamento ao\u00a0<em>Aedes aegypti<\/em>. Minas Gerais, mais uma vez, inova no uso da tecnologia para cuidar da sa\u00fade dos mineiros. Esse \u00e9 o compromisso do nosso governo: cuidar das pessoas com solu\u00e7\u00f5es modernas e eficientes&#8221;, salienta Professor Mateus.<\/strong><\/h1>\n<\/td>\n<td><\/td>\n<\/tr>\n<tr>\n<td><\/td>\n<td><\/td>\n<\/tr>\n<tr>\n<td><\/td>\n<td><\/td>\n<\/tr>\n<tr>\n<td colspan=\"5\"><img decoding=\"async\" src=\"https:\/\/www.agenciaminas.mg.gov.br\/ckeditor_assets\/pictures\/20950\/content_2_olho_inferior.jpg\" alt=\"\" \/><\/td>\n<\/tr>\n<\/tbody>\n<\/table>\n<p><strong>Investimento e atua\u00e7\u00e3o<\/strong><\/p>\n<p>O Governo de Minas destinou R$ 30 milh\u00f5es para contrata\u00e7\u00e3o e execu\u00e7\u00e3o do geomonitoramento por drones. Nos munic\u00edpios com menos de 30 mil habitantes, os recursos foram repassados aos Cons\u00f3rcios Intermunicipais de Sa\u00fade, que gerenciam o servi\u00e7o.<\/p>\n<p>Em 2024, 394 cidades foram atendidas, com 45 mil hectares mapeados e a identifica\u00e7\u00e3o de mais de 100 mil potenciais criadouros. Estima-se que 20% a 25% dos focos n\u00e3o s\u00e3o detectados pelos ACE, refor\u00e7ando a import\u00e2ncia do uso da tecnologia.<\/p>\n<p><strong>Exemplo de sucesso<\/strong><\/p>\n<p>Em Igarap\u00e9, na Regi\u00e3o Metropolitana de Belo Horizonte, a atua\u00e7\u00e3o coordenada pelo Cons\u00f3rcio Intermunicipal de Sa\u00fade do M\u00e9dio Paraopeba (Icismep) resultou na inspe\u00e7\u00e3o de 206 hectares e na identifica\u00e7\u00e3o de 562 poss\u00edveis criadouros, incluindo 40 caixas d\u2019\u00e1gua destampadas.<\/p>\n<p>\u201cCom o mapeamento, nossa a\u00e7\u00e3o com os ACE foi mais direcionada e eficaz. No per\u00edodo de um ano, registramos uma redu\u00e7\u00e3o de 96% dos casos nas \u00e1reas mapeadas\u201d, relata Giovanni Barbosa, diretor do Departamento de Zoonoses do munic\u00edpio.<\/p>\n<p><img decoding=\"async\" src=\"https:\/\/www.agenciaminas.mg.gov.br\/ckeditor_assets\/pictures\/22215\/content_infografico_implementacao_vigidrones_em_mg.jpg\" \/><\/p>\n<p>O prefeito de Igarap\u00e9, Arnaldo Chaves, refor\u00e7a a relev\u00e2ncia da iniciativa. \u201cEssa tecnologia mostrou resultados significativos e trar\u00e1 benef\u00edcios duradouros no combate ao mosquito da dengue. Com meios e ferramentas adequados e eficientes, vamos continuar avan\u00e7ando nesse enfrentamento\u201d, destaca.<\/p>\n<p>A coordenadora do Departamento Sa\u00fade \u00danica do Icismep, que atende as Regionais de Belo Horizonte e Divin\u00f3polis, Eduarda Portela, explica que todas as etapas do processo s\u00e3o acompanhadas por eles, de modo a garantir a efetividade dos resultados.<\/p>\n<p>\u201cEntre julho e dezembro\u00a0acompanhamos o mapeamento de 69 munic\u00edpios das duas Regionais, contando as cidades contempladas pelo cons\u00f3rcio e as que receberam o recurso diretamente do estado. Auxiliamos na elabora\u00e7\u00e3o dos planos de trabalho, participamos das capacita\u00e7\u00f5es das equipes e atuamos no monitoramento para que o processo tenha continuidade e os resultados sejam avaliados em conjunto\u201d, detalha.<\/p>\n<p><strong>Capacita\u00e7\u00e3o e monitoramento<\/strong><\/p>\n<p>Os dados coletados s\u00e3o armazenados em um sistema georreferenciado, permitindo aos ACE e profissionais de sa\u00fade a cria\u00e7\u00e3o de mapas de calor que identificam \u00e1reas cr\u00edticas.\u00a0A SES-MG tamb\u00e9m promove capacita\u00e7\u00f5es para garantir a utiliza\u00e7\u00e3o eficiente da tecnologia. Al\u00e9m disso, um painel de monitoramento ser\u00e1 lan\u00e7ado em breve, fornecendo um balan\u00e7o detalhado dos resultados.<\/p>\n<p>A pol\u00edtica Vigidrones reflete o compromisso do Governo de Minas em implementar solu\u00e7\u00f5es inovadoras para proteger a sa\u00fade da popula\u00e7\u00e3o, refor\u00e7ando a efici\u00eancia e a precis\u00e3o nas estrat\u00e9gias de vigil\u00e2ncia em sa\u00fade.\u00a0Com a combina\u00e7\u00e3o de tecnologia e atua\u00e7\u00e3o integrada, o Estado avan\u00e7a no enfrentamento das arboviroses e estabelece um modelo a ser seguido em todo o pa\u00eds.<\/p>\n<p>Fonte: Ag\u00eancia Minas<\/p>\n","protected":false},"excerpt":{"rendered":"<p>Para ajudar no combate \u00e0 dengue, zika e chikungunya, o\u00a0Governo de Minas\u00a0investe em um refor\u00e7o inovador: o uso de drones. Os equipamentos est\u00e3o sendo utilizados para mapear e tratar os locais com ac\u00famulo de \u00e1gua parada que possam se tornar criadouros do\u00a0Aedes aegypti\u00a0e, dessa forma, auxiliar na redu\u00e7\u00e3o do n\u00famero de casos das doen\u00e7as transmitidas [&hellip;]<\/p>\n","protected":false},"author":246,"featured_media":226231,"comment_status":"closed","ping_status":"closed","sticky":false,"template":"","format":"standard","meta":{"footnotes":""},"categories":[436,261,254,252,439],"tags":[],"class_list":["post-226230","post","type-post","status-publish","format-standard","has-post-thumbnail","hentry","category-destaque-da-semana","category-economia","category-politica","category-regiao","category-ultima-hora"],"_links":{"self":[{"href":"https:\/\/diarioregionaldigital.com.br\/index.php?rest_route=\/wp\/v2\/posts\/226230","targetHints":{"allow":["GET"]}}],"collection":[{"href":"https:\/\/diarioregionaldigital.com.br\/index.php?rest_route=\/wp\/v2\/posts"}],"about":[{"href":"https:\/\/diarioregionaldigital.com.br\/index.php?rest_route=\/wp\/v2\/types\/post"}],"author":[{"embeddable":true,"href":"https:\/\/diarioregionaldigital.com.br\/index.php?rest_route=\/wp\/v2\/users\/246"}],"replies":[{"embeddable":true,"href":"https:\/\/diarioregionaldigital.com.br\/index.php?rest_route=%2Fwp%2Fv2%2Fcomments&post=226230"}],"version-history":[{"count":1,"href":"https:\/\/diarioregionaldigital.com.br\/index.php?rest_route=\/wp\/v2\/posts\/226230\/revisions"}],"predecessor-version":[{"id":226232,"href":"https:\/\/diarioregionaldigital.com.br\/index.php?rest_route=\/wp\/v2\/posts\/226230\/revisions\/226232"}],"wp:featuredmedia":[{"embeddable":true,"href":"https:\/\/diarioregionaldigital.com.br\/index.php?rest_route=\/wp\/v2\/media\/226231"}],"wp:attachment":[{"href":"https:\/\/diarioregionaldigital.com.br\/index.php?rest_route=%2Fwp%2Fv2%2Fmedia&parent=226230"}],"wp:term":[{"taxonomy":"category","embeddable":true,"href":"https:\/\/diarioregionaldigital.com.br\/index.php?rest_route=%2Fwp%2Fv2%2Fcategories&post=226230"},{"taxonomy":"post_tag","embeddable":true,"href":"https:\/\/diarioregionaldigital.com.br\/index.php?rest_route=%2Fwp%2Fv2%2Ftags&post=226230"}],"curies":[{"name":"wp","href":"https:\/\/api.w.org\/{rel}","templated":true}]}}