{"id":226165,"date":"2024-12-28T14:19:37","date_gmt":"2024-12-28T17:19:37","guid":{"rendered":"https:\/\/diarioregionaldigital.com.br\/?p=226165"},"modified":"2024-12-28T14:19:37","modified_gmt":"2024-12-28T17:19:37","slug":"seguranca-cidada-e-tecnologia-marcam-o-trabalho-da-guarda-municipal-em-2024","status":"publish","type":"post","link":"https:\/\/diarioregionaldigital.com.br\/?p=226165","title":{"rendered":"Seguran\u00e7a cidad\u00e3 e tecnologia marcam o trabalho da Guarda Municipal em 2024"},"content":{"rendered":"<p>Segundo informa\u00e7\u00f5es do site da Prefeitura de Juiz de Fora (PJF), no m\u00eas em que comemora o seu 16\u00ba anivers\u00e1rio, a Guarda Municipal da Prefeitura de Juiz de Fora (PJF) lan\u00e7a mais uma edi\u00e7\u00e3o da sua revista anual. Em formato digital, o material apresenta as principais a\u00e7\u00f5es desenvolvidas pelo setor durante todo o ano de 2024. A atua\u00e7\u00e3o preventiva, o fortalecimento da cidadania, o lugar de refer\u00eancia nacional e o uso de tecnologias a favor da seguran\u00e7a marcaram o trabalho cidad\u00e3o efetuado pelas equipes. Para visualizar o material, basta acessar o <a href=\"https:\/\/www.pjf.mg.gov.br\/secretarias\/sesuc\/guarda_municipal\/revista\/revista-guarda-24.pdf\">site da Prefeitura<\/a>.<\/p>\n<p>O leitor vai conferir o perfil de relacionamento comunit\u00e1rio e o modelo de seguran\u00e7a cidad\u00e3 praticado pela Guarda Municipal. O lastro das a\u00e7\u00f5es, fundamentadas no Plano Municipal de Seguran\u00e7a Urbana e Cidadania, tamb\u00e9m est\u00e1 expresso no conte\u00fado. S\u00e3o 40 p\u00e1ginas, com apresenta\u00e7\u00e3o em editoriais da Prefeita Margarida Salom\u00e3o, do secret\u00e1rio de Seguran\u00e7a Urbana e Cidadania, Leandro Lisboa Barros e da comandante da Guarda Municipal, Elaine Maria da Silva.<\/p>\n<p>O destaque do trabalho da seguran\u00e7a municipal, em 2024, foi a implementa\u00e7\u00e3o do Sistema Integrado de Videomonitoramento (SIV), que estabeleceu um marco na \u00e1rea de monitoramento por imagem na cidade. As 225 novas c\u00e2meras, com tecnologia de ponta, mais que quadruplicou o n\u00famero de equipamentos instalados para a finalidade de seguran\u00e7a p\u00fablica. O sistema conta com a incorpora\u00e7\u00e3o das 54 c\u00e2meras do Olho Vivo e outras 54 da fiscaliza\u00e7\u00e3o de tr\u00e2nsito, totalizando uma rede de 333 c\u00e2meras ativas. Para al\u00e9m da amplia\u00e7\u00e3o das \u00e1reas cobertas, o sistema ainda permite acesso \u00e0s imagens para as demais for\u00e7as de seguran\u00e7a, contribuindo de modo efetivo com as a\u00e7\u00f5es de seguran\u00e7a.<\/p>\n<p>Tecnologia tamb\u00e9m foi a chave de virada quando o tema \u00e9 profissionaliza\u00e7\u00e3o da gest\u00e3o e reorganiza\u00e7\u00e3o de fluxos para a Guarda Municipal. Depois de aderir ao Sistema Nacional de Informa\u00e7\u00f5es de Seguran\u00e7a P\u00fablica (Sinesp-CAD), ferramenta digital disponibilizada pelo Minist\u00e9rio da Justi\u00e7a e Seguran\u00e7a P\u00fablica (MJSP) para gest\u00e3o de atendimento e despacho de ocorr\u00eancias em seguran\u00e7a p\u00fablica, Juiz de Fora se tornou refer\u00eancia na implanta\u00e7\u00e3o e no treinamento para uso do software. A Guarda j\u00e1 habilitou 11 munic\u00edpios e 15 ag\u00eancias a utilizarem a solu\u00e7\u00e3o tecnol\u00f3gica.<\/p>\n<p>Outro ponto de relevo \u00e9 a proje\u00e7\u00e3o do trabalho preventivo feito por Juiz de Fora. Em diversos momentos, a Guarda Municipal foi chamada a apresentar seus projetos e modo de trabalho em Bras\u00edlia. O interesse do Minist\u00e9rio da Justi\u00e7a sobre a forma de atua\u00e7\u00e3o efetivada por aqui confirma a converg\u00eancia entre teoria e pr\u00e1tica do conceito de seguran\u00e7a cidad\u00e3 e cultura de paz.<\/p>\n<p>A estrat\u00e9gia \u201cGuarda Presente\u201d, que promove a amplia\u00e7\u00e3o de rondas preventivas e o incremento da proximidade com a popula\u00e7\u00e3o, bem como os projetos \u201cVem pra Guarda\u201d, \u201cGuardas no Apoio e Preven\u00e7\u00e3o nas Escolas (Gape)\u201d, \u201cNossa Escola: Seguran\u00e7a, Cidadania e Cultura de Paz\u201d, \u201cCaf\u00e9 com Cidadania\u201d e \u201cIntegra\u201d reafirmam a disposi\u00e7\u00e3o de fortalecer o prop\u00f3sito preventivo e cidad\u00e3o da seguran\u00e7a municipal.<\/p>\n<p>A pesquisa e produ\u00e7\u00e3o de intelig\u00eancia foram componentes determinantes em 2024, com a divulga\u00e7\u00e3o de 13 edi\u00e7\u00f5es dos Monitores de Dados P\u00fablicos pelo Observat\u00f3rio de Viol\u00eancia e Criminalidade. Esses relat\u00f3rios t\u00eam tido import\u00e2ncia \u00edmpar para a visualiza\u00e7\u00e3o de informa\u00e7\u00f5es sobre a seguran\u00e7a local. Juiz de Fora apresenta os melhores \u00edndices entre os seis munic\u00edpios mais populosos do estado, com quedas sucessivas em indicadores de viol\u00eancia, sobretudo nos registros de crimes violentos.<\/p>\n<p>O anu\u00e1rio ainda re\u00fane as a\u00e7\u00f5es como o \u201cJogo Solid\u00e1rio Amigos da Guarda\u201d, que acaba de entregar quatro toneladas de alimentos para institui\u00e7\u00f5es cadastradas ao Mesa Brasil do Servi\u00e7o Social do Com\u00e9rcio (Sesc). Apresenta parcerias, principais capacita\u00e7\u00f5es oferecidas aos guardas, a\u00e7\u00f5es operacionais como o trabalho de recolhimento de animais silvestres e o permanente apoio aos setores da Prefeitura.<\/p>\n","protected":false},"excerpt":{"rendered":"<p>Segundo informa\u00e7\u00f5es do site da Prefeitura de Juiz de Fora (PJF), no m\u00eas em que comemora o seu 16\u00ba anivers\u00e1rio, a Guarda Municipal da Prefeitura de Juiz de Fora (PJF) lan\u00e7a mais uma edi\u00e7\u00e3o da sua revista anual. Em formato digital, o material apresenta as principais a\u00e7\u00f5es desenvolvidas pelo setor durante todo o ano de [&hellip;]<\/p>\n","protected":false},"author":246,"featured_media":226166,"comment_status":"closed","ping_status":"closed","sticky":false,"template":"","format":"standard","meta":{"footnotes":""},"categories":[253,436,439],"tags":[],"class_list":["post-226165","post","type-post","status-publish","format-standard","has-post-thumbnail","hentry","category-cidade","category-destaque-da-semana","category-ultima-hora"],"_links":{"self":[{"href":"https:\/\/diarioregionaldigital.com.br\/index.php?rest_route=\/wp\/v2\/posts\/226165","targetHints":{"allow":["GET"]}}],"collection":[{"href":"https:\/\/diarioregionaldigital.com.br\/index.php?rest_route=\/wp\/v2\/posts"}],"about":[{"href":"https:\/\/diarioregionaldigital.com.br\/index.php?rest_route=\/wp\/v2\/types\/post"}],"author":[{"embeddable":true,"href":"https:\/\/diarioregionaldigital.com.br\/index.php?rest_route=\/wp\/v2\/users\/246"}],"replies":[{"embeddable":true,"href":"https:\/\/diarioregionaldigital.com.br\/index.php?rest_route=%2Fwp%2Fv2%2Fcomments&post=226165"}],"version-history":[{"count":1,"href":"https:\/\/diarioregionaldigital.com.br\/index.php?rest_route=\/wp\/v2\/posts\/226165\/revisions"}],"predecessor-version":[{"id":226167,"href":"https:\/\/diarioregionaldigital.com.br\/index.php?rest_route=\/wp\/v2\/posts\/226165\/revisions\/226167"}],"wp:featuredmedia":[{"embeddable":true,"href":"https:\/\/diarioregionaldigital.com.br\/index.php?rest_route=\/wp\/v2\/media\/226166"}],"wp:attachment":[{"href":"https:\/\/diarioregionaldigital.com.br\/index.php?rest_route=%2Fwp%2Fv2%2Fmedia&parent=226165"}],"wp:term":[{"taxonomy":"category","embeddable":true,"href":"https:\/\/diarioregionaldigital.com.br\/index.php?rest_route=%2Fwp%2Fv2%2Fcategories&post=226165"},{"taxonomy":"post_tag","embeddable":true,"href":"https:\/\/diarioregionaldigital.com.br\/index.php?rest_route=%2Fwp%2Fv2%2Ftags&post=226165"}],"curies":[{"name":"wp","href":"https:\/\/api.w.org\/{rel}","templated":true}]}}