{"id":226144,"date":"2024-12-27T17:20:18","date_gmt":"2024-12-27T20:20:18","guid":{"rendered":"https:\/\/diarioregionaldigital.com.br\/?p=226144"},"modified":"2024-12-27T17:20:18","modified_gmt":"2024-12-27T20:20:18","slug":"confira-a-rota-semanal-dos-agentes-de-combate-a-endemias-pelo-municipio-4","status":"publish","type":"post","link":"https:\/\/diarioregionaldigital.com.br\/?p=226144","title":{"rendered":"Confira a rota semanal dos Agentes de Combate a Endemias pelo munic\u00edpio"},"content":{"rendered":"<p>Segundo informa\u00e7\u00f5es do site da Prefeitura de Juiz de Fora (PJF), s<span style=\"color: #333333; font-size: 16px;\">eguindo com o trabalho di\u00e1rio de combate ao mosquito <\/span><em style=\"color: #333333; font-size: 16px;\">Aedes aegypti<\/em><span style=\"color: #333333; font-size: 16px;\">, a Prefeitura de Juiz de Fora (PJF), por meio dos Agentes de Combate a Endemias (ACE), realiza, na pr\u00f3xima semana, dos dias 30 de dezembro a 3 de janeiro, rotas de visitas e vistorias a resid\u00eancias e lotes em diversos bairros espalhados pelo munic\u00edpio. As atividades j\u00e1 acontecem semanalmente, conforme cronograma definido pela Subsecretaria de Vigil\u00e2ncia em Sa\u00fade (SSVS), da Secretaria de Sa\u00fade (SS).<\/span><\/p>\n<div><\/div>\n<div>A PJF solicita o apoio dos moradores na abertura de suas resid\u00eancias para que os profissionais possam realizar o trabalho de tratamento focal. Neste momento, quando a circula\u00e7\u00e3o da dengue diminui, \u00e9 muito importante receber os agentes para evitar que tenhamos crescimento de casos durante o per\u00edodo prop\u00edcio para a reprodu\u00e7\u00e3o do mosquito.<\/div>\n<div><\/div>\n<div>\u00c9 importante que os moradores fiquem atentos \u00e0s orienta\u00e7\u00f5es dos agentes e os recebam, visto que a maioria dos focos est\u00e3o dentro das casas. Todos os servidores estar\u00e3o identificados e uniformizados.<\/div>\n<div><\/div>\n<div>No decorrer da visita, sempre acompanhado pelo respons\u00e1vel do im\u00f3vel, o ACE deve orientar e avaliar as situa\u00e7\u00f5es de risco, remanejando e\/ou eliminando os recipientes que possam acumular \u00e1gua e\/ou que n\u00e3o tenham utilidade. O agente dever\u00e1 tratar corretamente com larvicida aqueles recipientes que n\u00e3o puderem ser eliminados. As visitas s\u00e3o feitas na parte externa e interna das resid\u00eancias.<\/div>\n<div><\/div>\n<div>Para ajudar nos trabalhos, a PJF deixa algumas dicas: sempre verifique os ralos e cisterna, brom\u00e9lias, plantas aqu\u00e1ticas e troncos de \u00e1rvores no jardim. Retire os pratinhos das plantas, tampe os tambores com \u00e1gua de chuva. Verifique tamb\u00e9m os banheiros em desuso, as caixas d\u2019\u00e1gua e inspecione o quintal. Descarte o seu lixo corretamente. Mantenha a piscina sempre tratada, mesmo se estiver em desuso.<\/div>\n<div><\/div>\n<div><strong>Rota dos agentes na pr\u00f3xima semana (30\/12 a 3\/1)<\/strong><\/div>\n<div><\/div>\n<div><strong>Regi\u00e3o Central<\/strong><\/div>\n<div>Mariano Proc\u00f3pio<\/div>\n<div>Santa Helena<\/div>\n<div>F\u00e1brica<\/div>\n<div>Jardim Gl\u00f3ria<\/div>\n<div>Centro<\/div>\n<p>&nbsp;<\/p>\n<div><strong>Sudeste<\/strong><\/div>\n<div>Aracy<\/div>\n<p>&nbsp;<\/p>\n<div><strong>Norte<\/strong><\/div>\n<div>Vila Mello Reis<\/div>\n<div>S\u00e3o Francisco<\/div>\n<p>&nbsp;<\/p>\n<div><strong>Sul<\/strong><\/div>\n<div>Bela Aurora<\/div>\n<div>Jardim Ga\u00facho<\/div>\n<p>&nbsp;<\/p>\n<div><\/div>\n<div><strong>Ferramenta de den\u00fancias<\/strong><\/div>\n<div>Al\u00e9m de participar ativamente na preven\u00e7\u00e3o contra as arboviroses, a popula\u00e7\u00e3o pode ajudar com den\u00fancias an\u00f4nimas sobre focos do <em>Aedes aegypti<\/em> em Juiz de Fora e regi\u00e3o. O sistema tem como finalidade mapear as informa\u00e7\u00f5es das doen\u00e7as causadas pelo mosquito: dengue, zika, febre amarela e chikungunya.<\/div>\n<div><\/div>\n<div><a href=\"https:\/\/jfcontraoaedes.pjf.mg.gov.br\/\"><strong>O JF Contra o Aedes pode ser acessado em qualquer navegador<\/strong><\/a>. Ele\u00a0 roda em todas as plataformas: smartphones, tablets, notebooks e computadores. \u00c9 um sistema em que as pessoas podem realizar den\u00fancias de locais de criadouros do mosquito.<\/div>\n<div><\/div>\n<div>A popula\u00e7\u00e3o tamb\u00e9m pode auxiliar no combate por meio de den\u00fancias de poss\u00edveis focos, atrav\u00e9s do WhatsApp, pelo n\u00famero <a href=\"tel:(32) 98432-4608\">(32) 98432-4608<\/a>, ou pelo e-mail dengue@pjf.mg.gov.br. Den\u00fancias tamb\u00e9m podem ser feitas em qualquer um dos 11 postos do Departamento de Informa\u00e7\u00e3o Geral e Atendimento (Diga) espalhados pelo munic\u00edpio.<\/div>\n","protected":false},"excerpt":{"rendered":"<p>Segundo informa\u00e7\u00f5es do site da Prefeitura de Juiz de Fora (PJF), seguindo com o trabalho di\u00e1rio de combate ao mosquito Aedes aegypti, a Prefeitura de Juiz de Fora (PJF), por meio dos Agentes de Combate a Endemias (ACE), realiza, na pr\u00f3xima semana, dos dias 30 de dezembro a 3 de janeiro, rotas de visitas e [&hellip;]<\/p>\n","protected":false},"author":246,"featured_media":226145,"comment_status":"closed","ping_status":"closed","sticky":false,"template":"","format":"standard","meta":{"footnotes":""},"categories":[253,436,440,439],"tags":[],"class_list":["post-226144","post","type-post","status-publish","format-standard","has-post-thumbnail","hentry","category-cidade","category-destaque-da-semana","category-destaques-do-dia","category-ultima-hora"],"_links":{"self":[{"href":"https:\/\/diarioregionaldigital.com.br\/index.php?rest_route=\/wp\/v2\/posts\/226144","targetHints":{"allow":["GET"]}}],"collection":[{"href":"https:\/\/diarioregionaldigital.com.br\/index.php?rest_route=\/wp\/v2\/posts"}],"about":[{"href":"https:\/\/diarioregionaldigital.com.br\/index.php?rest_route=\/wp\/v2\/types\/post"}],"author":[{"embeddable":true,"href":"https:\/\/diarioregionaldigital.com.br\/index.php?rest_route=\/wp\/v2\/users\/246"}],"replies":[{"embeddable":true,"href":"https:\/\/diarioregionaldigital.com.br\/index.php?rest_route=%2Fwp%2Fv2%2Fcomments&post=226144"}],"version-history":[{"count":1,"href":"https:\/\/diarioregionaldigital.com.br\/index.php?rest_route=\/wp\/v2\/posts\/226144\/revisions"}],"predecessor-version":[{"id":226146,"href":"https:\/\/diarioregionaldigital.com.br\/index.php?rest_route=\/wp\/v2\/posts\/226144\/revisions\/226146"}],"wp:featuredmedia":[{"embeddable":true,"href":"https:\/\/diarioregionaldigital.com.br\/index.php?rest_route=\/wp\/v2\/media\/226145"}],"wp:attachment":[{"href":"https:\/\/diarioregionaldigital.com.br\/index.php?rest_route=%2Fwp%2Fv2%2Fmedia&parent=226144"}],"wp:term":[{"taxonomy":"category","embeddable":true,"href":"https:\/\/diarioregionaldigital.com.br\/index.php?rest_route=%2Fwp%2Fv2%2Fcategories&post=226144"},{"taxonomy":"post_tag","embeddable":true,"href":"https:\/\/diarioregionaldigital.com.br\/index.php?rest_route=%2Fwp%2Fv2%2Ftags&post=226144"}],"curies":[{"name":"wp","href":"https:\/\/api.w.org\/{rel}","templated":true}]}}