{"id":226117,"date":"2024-12-26T21:03:43","date_gmt":"2024-12-27T00:03:43","guid":{"rendered":"https:\/\/diarioregionaldigital.com.br\/?p=226117"},"modified":"2024-12-26T21:03:43","modified_gmt":"2024-12-27T00:03:43","slug":"policia-civil-de-minas-gerais-apresenta-balanco-das-apuracoes-sobre-acidente-na-br-116-em-teofilo-otoni","status":"publish","type":"post","link":"https:\/\/diarioregionaldigital.com.br\/?p=226117","title":{"rendered":"Pol\u00edcia Civil de Minas Gerais apresenta balan\u00e7o das apura\u00e7\u00f5es sobre acidente na BR-116, em Te\u00f3filo Otoni"},"content":{"rendered":"<p>A\u00a0<a href=\"https:\/\/www.policiacivil.mg.gov.br\/\" target=\"_blank\" rel=\"noopener\">Pol\u00edcia Civil de Minas Gerais (PCMG)<\/a>\u00a0apresentou nesta quinta-feira (26\/12), em Te\u00f3filo Otoni, no Vale do Mucuri, o balan\u00e7o das investiga\u00e7\u00f5es sobre o acidente na BR-116 na madrugada do \u00faltimo s\u00e1bado (21\/12).<\/p>\n<p>Nesta manh\u00e3, uma equipe de peritos criminais, especializada na apura\u00e7\u00e3o de acidentes de tr\u00e2nsito, compareceu \u00e0 regi\u00e3o para a realiza\u00e7\u00e3o de levantamentos com o scanner 3D, equipamento que permite coletar imagens e posteriormente criar modelos de simula\u00e7\u00e3o.<\/p>\n<p>Conforme adiantou o chefe do 15\u00ba Departamento de Pol\u00edcia Civil em Te\u00f3filo Otoni, delegado Amaury Tomaz Ten\u00f3rio de Albuquerque, as provid\u00eancias tomadas pela PCMG, no mesmo dia do acidente, inclu\u00edram a per\u00edcia do local, al\u00e9m da realiza\u00e7\u00e3o de exames periciais e coleta de vest\u00edgios importantes para a condu\u00e7\u00e3o dos trabalhos policiais.<\/p>\n<p>Al\u00e9m disso, foi realizada, na ocasi\u00e3o, a remo\u00e7\u00e3o de todos os corpos das v\u00edtimas, que passaram por necropsia em Te\u00f3filo Otoni, e outros, que apresentavam mais carboniza\u00e7\u00e3o, para o Instituto M\u00e9dico Legal (IML) em Belo Horizonte. Quarenta e um corpos deram entrada na unidade na capital.<\/p>\n<p>\u201cEstamos concentrados agora em determinar qual foi exatamente a din\u00e2mica e as circunst\u00e2ncias desse grave e tr\u00e1gico acidente para que, assim, possamos apresentar ao Minist\u00e9rio P\u00fablico meios de apontar com a responsabiliza\u00e7\u00e3o sobre o que ocorreu\u201d, ressaltou.<\/p>\n<figure class=\"image\"><img decoding=\"async\" src=\"https:\/\/www.agenciaminas.mg.gov.br\/ckeditor_assets\/pictures\/22160\/content_img_4327.jpg\" alt=\"\" \/><figcaption><sub><em>PCMG \/ Divulga\u00e7\u00e3o<\/em><\/sub><\/figcaption><\/figure>\n<p><strong>Identifica\u00e7\u00e3o<\/strong><\/p>\n<p>O perito criminal Felipe Dapieve, da Superintend\u00eancia de Pol\u00edcia T\u00e9cnico-Cient\u00edfica da PCMG, esclareceu que dos 16 corpos identificados at\u00e9 o momento, 14 j\u00e1 foram retirados pelos familiares no IML, sendo 13 por papiloscopia (exame das digitais) e tr\u00eas por odontologia legal (compara\u00e7\u00e3o de exames da arcada dent\u00e1ria).<\/p>\n<p>Dapieve salienta que as v\u00edtimas foram removidas, em sua maioria, carbonizadas, o que impediu o reconhecimento do restante dos corpos pelos mesmos meios.<\/p>\n<p>\u201cJ\u00e1 coletamos o material gen\u00e9tico dos familiares dessas v\u00edtimas remanescentes, que passaram por confronto de DNA pela equipe especializada do Instituto de Criminal\u00edstica em Belo Horizonte\u201d, adiantou.<\/p>\n<p>O perito ressaltou ainda: \u201cn\u00e3o \u00e9 necess\u00e1rio que os parentes dessas v\u00edtimas compare\u00e7am a Minas Gerais para ceder o material biol\u00f3gico, a coleta pode ser feita na Pol\u00edcia Civil dos estados de origem e por meio do Banco Nacional de Perfis Gen\u00e9ticos, procederemos ao confronto\u201d.<\/p>\n<p>De acordo com Dapieve, a libera\u00e7\u00e3o dos corpos no IML de Belo Horizonte n\u00e3o depende do comparecimento presencial do parente, bastando uma procura\u00e7\u00e3o para que sejam removidos.<\/p>\n<p><strong>Investiga\u00e7\u00e3o<\/strong><\/p>\n<p>Durante coletiva de imprensa, o delegado Amaury Tomaz reafirmou o compromisso da Pol\u00edcia Civil com o esclarecimento de todos os fatos que envolvem o acidente e que, at\u00e9 o momento, nenhuma linha investigativa foi descartada.<\/p>\n<p>\u201cOuvimos os motoristas envolvidos nos fatos, aguardamos a an\u00e1lise pericial dos vest\u00edgios encontrados, incluindo imagens recolhidas de c\u00e2meras de grava\u00e7\u00e3o da rodovia \u2013 que ser\u00e3o melhoradas no Instituto de Criminal\u00edstica \u2013, exames toxicol\u00f3gicos e recolhimento de tac\u00f3grafo. Al\u00e9m disso, estamos refazendo todo o trajeto dos ve\u00edculos envolvidos\u201d, revelou.<\/p>\n<p>\u201cQueremos saber exatamente quando cada um dos motoristas parou, por quanto tempo, as condi\u00e7\u00f5es de manuten\u00e7\u00e3o dos ve\u00edculos, dos pneus, da carga transportada pelo caminh\u00e3o, enfim, tudo o que pudermos combinar entre provas testemunhais e t\u00e9cnicas em um trabalho minucioso\u201d, detalhou.<\/p>\n<p><strong>Acolhimento<\/strong><\/p>\n<p>A Pol\u00edcia Civil disponibilizou um telefone para oferecer acolhimento e instru\u00e7\u00f5es aos familiares sobre o processo de identifica\u00e7\u00e3o: (31) 3379-5059.<\/p>\n<p>Fonte: Ag\u00eancia Minas<\/p>\n","protected":false},"excerpt":{"rendered":"<p>A\u00a0Pol\u00edcia Civil de Minas Gerais (PCMG)\u00a0apresentou nesta quinta-feira (26\/12), em Te\u00f3filo Otoni, no Vale do Mucuri, o balan\u00e7o das investiga\u00e7\u00f5es sobre o acidente na BR-116 na madrugada do \u00faltimo s\u00e1bado (21\/12). Nesta manh\u00e3, uma equipe de peritos criminais, especializada na apura\u00e7\u00e3o de acidentes de tr\u00e2nsito, compareceu \u00e0 regi\u00e3o para a realiza\u00e7\u00e3o de levantamentos com o [&hellip;]<\/p>\n","protected":false},"author":246,"featured_media":226118,"comment_status":"closed","ping_status":"closed","sticky":false,"template":"","format":"standard","meta":{"footnotes":""},"categories":[301,436,252,439],"tags":[],"class_list":["post-226117","post","type-post","status-publish","format-standard","has-post-thumbnail","hentry","category-artigos-policiais","category-destaque-da-semana","category-regiao","category-ultima-hora"],"_links":{"self":[{"href":"https:\/\/diarioregionaldigital.com.br\/index.php?rest_route=\/wp\/v2\/posts\/226117","targetHints":{"allow":["GET"]}}],"collection":[{"href":"https:\/\/diarioregionaldigital.com.br\/index.php?rest_route=\/wp\/v2\/posts"}],"about":[{"href":"https:\/\/diarioregionaldigital.com.br\/index.php?rest_route=\/wp\/v2\/types\/post"}],"author":[{"embeddable":true,"href":"https:\/\/diarioregionaldigital.com.br\/index.php?rest_route=\/wp\/v2\/users\/246"}],"replies":[{"embeddable":true,"href":"https:\/\/diarioregionaldigital.com.br\/index.php?rest_route=%2Fwp%2Fv2%2Fcomments&post=226117"}],"version-history":[{"count":1,"href":"https:\/\/diarioregionaldigital.com.br\/index.php?rest_route=\/wp\/v2\/posts\/226117\/revisions"}],"predecessor-version":[{"id":226119,"href":"https:\/\/diarioregionaldigital.com.br\/index.php?rest_route=\/wp\/v2\/posts\/226117\/revisions\/226119"}],"wp:featuredmedia":[{"embeddable":true,"href":"https:\/\/diarioregionaldigital.com.br\/index.php?rest_route=\/wp\/v2\/media\/226118"}],"wp:attachment":[{"href":"https:\/\/diarioregionaldigital.com.br\/index.php?rest_route=%2Fwp%2Fv2%2Fmedia&parent=226117"}],"wp:term":[{"taxonomy":"category","embeddable":true,"href":"https:\/\/diarioregionaldigital.com.br\/index.php?rest_route=%2Fwp%2Fv2%2Fcategories&post=226117"},{"taxonomy":"post_tag","embeddable":true,"href":"https:\/\/diarioregionaldigital.com.br\/index.php?rest_route=%2Fwp%2Fv2%2Ftags&post=226117"}],"curies":[{"name":"wp","href":"https:\/\/api.w.org\/{rel}","templated":true}]}}