{"id":226114,"date":"2024-12-26T21:02:19","date_gmt":"2024-12-27T00:02:19","guid":{"rendered":"https:\/\/diarioregionaldigital.com.br\/?p=226114"},"modified":"2024-12-26T21:02:19","modified_gmt":"2024-12-27T00:02:19","slug":"minas-prorroga-politica-publica-para-o-gas-natural-veicular-ate-o-final-de-2025","status":"publish","type":"post","link":"https:\/\/diarioregionaldigital.com.br\/?p=226114","title":{"rendered":"Minas prorroga pol\u00edtica p\u00fablica para o G\u00e1s Natural Veicular at\u00e9 o final de 2025"},"content":{"rendered":"<p><main class=\"clear margin-md-bottom-3\"><\/p>\n<div class=\"clear \">\n<p>Para garantir maior competitividade ao segmento do G\u00e1s Natural Veicular (GNV) em Minas, atualmente atendido pela\u00a0<a href=\"https:\/\/gasmig.com.br\/\" target=\"_blank\" rel=\"noopener\">Companhia de G\u00e1s de Minas Gerais (Gasmig)<\/a>, a\u00a0<a href=\"https:\/\/desenvolvimento.mg.gov.br\/\" target=\"_blank\" rel=\"noopener\">Secretaria de Estado de Desenvolvimento Econ\u00f4mico (Sede-MG)<\/a>\u00a0prorrogou a pol\u00edtica p\u00fablica de margem vari\u00e1vel do combust\u00edvel at\u00e9 o final de 2025.<\/p>\n<p>Por meio da Resolu\u00e7\u00e3o Sede n\u00ba 60, de segunda-feira (23\/12), a varia\u00e7\u00e3o da margem praticada se mant\u00e9m atrelada diretamente \u00e0 competitividade do GNV frente \u00e0 gasolina, de acordo com os pre\u00e7os dos combust\u00edveis na bomba dos postos.<\/p>\n<p>A proposta considera avalia\u00e7\u00f5es com periodicidade semanal, a cada sexta-feira, tendo em vista o dinamismo do segmento. Sendo assim, toda segunda-feira, a Gasmig ajusta o pre\u00e7o do GNV a ser cobrado dos postos, com base nos valores obtidos na semana anterior.<\/p>\n<p>Atualmente, a pr\u00e1tica do desconto traz uma economia para os consumidores, podendo chegar a 13%, para a frota pesada movida a diesel, e at\u00e9 34% na frota leve, se comparado \u00e0 gasolina.<\/p>\n<p>\u201cDesde 2022, o\u00a0<a href=\"https:\/\/www.mg.gov.br\/\" target=\"_blank\" rel=\"noopener\">Governo de Minas<\/a>, por meio da Sede-MG, tem praticado essa pol\u00edtica p\u00fablica para o segmento veicular com o intuito de aumentar a competitividade do energ\u00e9tico\u201d, afirma o secret\u00e1rio de Estado de Desenvolvimento Econ\u00f4mico, Fernando Passalio.<\/p>\n<table border=\"0\" cellspacing=\"1\" cellpadding=\"1\" align=\"center\">\n<tbody>\n<tr>\n<td colspan=\"5\"><img decoding=\"async\" src=\"https:\/\/www.agenciaminas.mg.gov.br\/ckeditor_assets\/pictures\/20949\/content_2_olho_topo.jpg\" alt=\"\" \/><\/td>\n<\/tr>\n<tr>\n<td><\/td>\n<td colspan=\"3\" rowspan=\"3\">\n<h1><strong>&#8220;Al\u00e9m de levar uma alternativa mais acess\u00edvel para o consumidor, isso refor\u00e7a nosso compromisso com a mobilidade sustent\u00e1vel de baixo carbono, atrav\u00e9s dos combust\u00edveis do futuro&#8221;, complementa Fernando Passalio.<\/strong><\/h1>\n<\/td>\n<td><\/td>\n<\/tr>\n<tr>\n<td><\/td>\n<td><\/td>\n<\/tr>\n<tr>\n<td><\/td>\n<td><\/td>\n<\/tr>\n<tr>\n<td colspan=\"5\"><img decoding=\"async\" src=\"https:\/\/www.agenciaminas.mg.gov.br\/ckeditor_assets\/pictures\/20950\/content_2_olho_inferior.jpg\" alt=\"\" \/><\/td>\n<\/tr>\n<\/tbody>\n<\/table>\n<p><strong>Prorroga\u00e7\u00e3o da pol\u00edtica p\u00fablica\u00a0<\/strong><\/p>\n<p>Desde a publica\u00e7\u00e3o da Resolu\u00e7\u00e3o Sede n\u00ba 47, de 30\/9\/2022, a competitividade do combust\u00edvel foi estimulada e apresentou sinais positivos ao mercado, com a assinatura de novos Contratos de Fornecimento de GNV, atendendo mais regi\u00f5es do estado.<\/p>\n<p>Essa estrat\u00e9gia auxilia tamb\u00e9m na efetividade de uma outra campanha da concession\u00e1ria junto \u00e0 Sede-MG, o projeto Corredores de GNV, voltado para a expans\u00e3o da rede de distribui\u00e7\u00e3o de GNV nas principais rodovias mineiras.<\/p>\n<p>Esse desconto na tarifa torna o energ\u00e9tico competitivo para a mobilidade da frota de ve\u00edculos leves e pesados, com diminui\u00e7\u00e3o da emiss\u00e3o dos gases causadores do efeito estufa.<\/p>\n<p>Nos \u00faltimos anos, o GNV ficou mais competitivo frente \u00e0 gasolina e ao diesel, com a aplica\u00e7\u00e3o do desconto na margem homologada do segmento. Durante todo o per\u00edodo, o desconto praticado foi entre R$ 0,10\/m\u00b3 e R$ 0,15\/m\u00b3. Os impactos negativos frente ao segmento de convertedoras de ve\u00edculos para o GNV tamb\u00e9m foram atenuados, demonstrando a preocupa\u00e7\u00e3o do Governo de Minas com o setor.<\/p>\n<p><strong>G\u00e1s natural: aliado na transi\u00e7\u00e3o energ\u00e9tica<\/strong><\/p>\n<p>O g\u00e1s natural \u00e9 um energ\u00e9tico de elevado poder calor\u00edfero, alto rendimento energ\u00e9tico e pode ser considerado um combust\u00edvel limpo em rela\u00e7\u00e3o aos demais combust\u00edveis f\u00f3sseis, capaz de substituir o carv\u00e3o mineral e outros derivados do petr\u00f3leo.<\/p>\n<p>Em Minas Gerais, a Gasmig \u00e9 respons\u00e1vel pela aquisi\u00e7\u00e3o, armazenamento, transporte, transmiss\u00e3o, distribui\u00e7\u00e3o e comercializa\u00e7\u00e3o do combust\u00edvel e seus subprodutos e derivados. Por sua vez, a Sede-MG \u00e9 respons\u00e1vel por regular, fiscalizar, definir diretrizes gerais e coordenar a formula\u00e7\u00e3o e a implanta\u00e7\u00e3o da pol\u00edtica energ\u00e9tica do Estado.<\/p>\n<p>Fonte: Ag\u00eancia Minas<\/p>\n<\/div>\n<p><\/main><\/p>\n","protected":false},"excerpt":{"rendered":"<p>Para garantir maior competitividade ao segmento do G\u00e1s Natural Veicular (GNV) em Minas, atualmente atendido pela\u00a0Companhia de G\u00e1s de Minas Gerais (Gasmig), a\u00a0Secretaria de Estado de Desenvolvimento Econ\u00f4mico (Sede-MG)\u00a0prorrogou a pol\u00edtica p\u00fablica de margem vari\u00e1vel do combust\u00edvel at\u00e9 o final de 2025. Por meio da Resolu\u00e7\u00e3o Sede n\u00ba 60, de segunda-feira (23\/12), a varia\u00e7\u00e3o da [&hellip;]<\/p>\n","protected":false},"author":246,"featured_media":226115,"comment_status":"closed","ping_status":"closed","sticky":false,"template":"","format":"standard","meta":{"footnotes":""},"categories":[436,261,254,252,439],"tags":[],"class_list":["post-226114","post","type-post","status-publish","format-standard","has-post-thumbnail","hentry","category-destaque-da-semana","category-economia","category-politica","category-regiao","category-ultima-hora"],"_links":{"self":[{"href":"https:\/\/diarioregionaldigital.com.br\/index.php?rest_route=\/wp\/v2\/posts\/226114","targetHints":{"allow":["GET"]}}],"collection":[{"href":"https:\/\/diarioregionaldigital.com.br\/index.php?rest_route=\/wp\/v2\/posts"}],"about":[{"href":"https:\/\/diarioregionaldigital.com.br\/index.php?rest_route=\/wp\/v2\/types\/post"}],"author":[{"embeddable":true,"href":"https:\/\/diarioregionaldigital.com.br\/index.php?rest_route=\/wp\/v2\/users\/246"}],"replies":[{"embeddable":true,"href":"https:\/\/diarioregionaldigital.com.br\/index.php?rest_route=%2Fwp%2Fv2%2Fcomments&post=226114"}],"version-history":[{"count":1,"href":"https:\/\/diarioregionaldigital.com.br\/index.php?rest_route=\/wp\/v2\/posts\/226114\/revisions"}],"predecessor-version":[{"id":226116,"href":"https:\/\/diarioregionaldigital.com.br\/index.php?rest_route=\/wp\/v2\/posts\/226114\/revisions\/226116"}],"wp:featuredmedia":[{"embeddable":true,"href":"https:\/\/diarioregionaldigital.com.br\/index.php?rest_route=\/wp\/v2\/media\/226115"}],"wp:attachment":[{"href":"https:\/\/diarioregionaldigital.com.br\/index.php?rest_route=%2Fwp%2Fv2%2Fmedia&parent=226114"}],"wp:term":[{"taxonomy":"category","embeddable":true,"href":"https:\/\/diarioregionaldigital.com.br\/index.php?rest_route=%2Fwp%2Fv2%2Fcategories&post=226114"},{"taxonomy":"post_tag","embeddable":true,"href":"https:\/\/diarioregionaldigital.com.br\/index.php?rest_route=%2Fwp%2Fv2%2Ftags&post=226114"}],"curies":[{"name":"wp","href":"https:\/\/api.w.org\/{rel}","templated":true}]}}