{"id":226084,"date":"2024-12-23T17:06:49","date_gmt":"2024-12-23T20:06:49","guid":{"rendered":"https:\/\/diarioregionaldigital.com.br\/?p=226084"},"modified":"2024-12-23T17:06:49","modified_gmt":"2024-12-23T20:06:49","slug":"eventos-diversos-causam-desvios-em-linhas-de-onibus-em-varios-bairros-neste-final-de-semana-2","status":"publish","type":"post","link":"https:\/\/diarioregionaldigital.com.br\/?p=226084","title":{"rendered":"Eventos diversos causam desvios em linhas de \u00f4nibus em v\u00e1rios bairros neste final de semana"},"content":{"rendered":"<p>Segundo informa\u00e7\u00f5es do site da Prefeitura de Juiz de Fora (PJF), no dia 21, s\u00e1bado, a Rua Orciso Cust\u00f3dio Filho recebe o evento \u201cBaile da Vila\u201d, a partir das 18h, gerando desvio da 326. Na mesma data, a partir e 13h, a linha 447 ter\u00e1 o trajeto alterado devido ao fechamento da Rua Dr. Jo\u00e3o Lustosa, para a realiza\u00e7\u00e3o do Evento Social de Natal.<\/p>\n<p>J\u00e1 no domingo, 22, por motivo da interdi\u00e7\u00e3o de um trecho da Rua Vila Vidal para a promo\u00e7\u00e3o de um Evento de Natal, a partir das 13h, as linhas 701, 702, 706, 707, 709, 734 e 737 sofrer\u00e3o modifica\u00e7\u00e3o em seu itiner\u00e1rio. A linha 409 tamb\u00e9m ser\u00e1 interditada em fun\u00e7\u00e3o de um evento religioso na Rua S\u00e3o Pancr\u00e1cio, entre 11h e 15 horas. Por motivo de interdi\u00e7\u00e3o da Rua Pedro Moreira Cavalcante, devido a um evento no dia domingo, a partir das 12h, a linha 616 sofrer\u00e1 modifica\u00e7\u00e3o em seu trajeto<\/p>\n<p><strong>Confira todas as altera\u00e7\u00f5es abaixo:<\/strong><\/p>\n<p>&#8211; Linha 326<br \/>\nBairro\/Centro:&#8230;,Rua Miracema, Rua Ant\u00f4nio Bitarelli, Av. Francisco Valadares,&#8230;<br \/>\nCentro\/Bairro:&#8230;,Av. Francisco Valadares, Rua Ant\u00f4nio Bitarelli, Rua Miracema,\u2026<\/p>\n<p>&#8211; Linha 409<br \/>\nCentro\/Bairro: \u2026, Rua Marina Ribeiro de Oliveira, Rua Oscar de Oliveira, Rua Orville Derby Dutra, Rua Vicente Vieira da Motta fazendo o retorno com a Rua S\u00e3o Tarc\u00edsio, Rua Vicente Vieira da Motta, Rua Orville Derby Dutra, Rua Agenor B. Garcia, ponto final.<br \/>\nBairro\/Centro: Sem Altera\u00e7\u00e3o.<\/p>\n<p>&#8211; Linha 447<br \/>\nCentro\/Bairro: \u2026, Rua Dr. Jo\u00e3o Lustosa, Dr. Jos\u00e9 Rafael de Souza Antunes, Rua Dr. Dilermando Cruz, Rua Nossa Senhora de Lourdes\/\u2026<br \/>\nBairro\/Centro: Sem Altera\u00e7\u00e3o.<\/p>\n<p>&#8211; Linha 616:<br \/>\nSentido Centro\/Bairro: \u2026Rua Guidoval, Rua Ant\u00f4nio Bernardo, \u00e0 direita Rua Ant\u00f4nio Carlos da Silva, \u00e0 esquerda na Rua Pedro Moreira Cavalcanti\u2026<br \/>\nSentido Bairro\/Centro: Sem altera\u00e7\u00e3o.<\/p>\n<p>&#8211; Linha 701<br \/>\nBairro\/Centro: \u2026Rua Vidal Barbosa Lage, Rua Visconde de Uberaba, Rua Vila Vidal&#8230;<br \/>\nCentro\/Bairro: \u2026Rua Vila Vidal, Rua Silvia Vidal Lage, Rua Vidal Barbosa Lage\u2026<\/p>\n<p>&#8211; Linha 702<br \/>\nBairro\/Centro: \u2026Rua Ambrosina Nunes Lima, Rua Vidal Barbosa Lage, Rua Visconde de Uberaba, Rua Vila Vidal&#8230;<br \/>\nCentro\/Bairro: Sem Altera\u00e7\u00e3o.<\/p>\n<p>&#8211; Linha 709<br \/>\nBairro\/Centro: \u2026Rua Constan\u00e7a Vidal, Rua Vidal Barbosa Lage, Rua Visconde de Uberaba, Rua Vila Vidal&#8230;<br \/>\nCentro\/Bairro: Sem Altera\u00e7\u00e3o.<\/p>\n<p>&#8211; Linha 737<br \/>\nBairro\/Centro: \u2026, Rua Vidal Barbosa Lage, Rua Visconde de Uberaba, Rua Vila Vidal, &#8230;<br \/>\nCentro\/Bairro: Sem Altera\u00e7\u00e3o.<\/p>\n","protected":false},"excerpt":{"rendered":"<p>Segundo informa\u00e7\u00f5es do site da Prefeitura de Juiz de Fora (PJF), no dia 21, s\u00e1bado, a Rua Orciso Cust\u00f3dio Filho recebe o evento \u201cBaile da Vila\u201d, a partir das 18h, gerando desvio da 326. Na mesma data, a partir e 13h, a linha 447 ter\u00e1 o trajeto alterado devido ao fechamento da Rua Dr. Jo\u00e3o [&hellip;]<\/p>\n","protected":false},"author":246,"featured_media":226085,"comment_status":"closed","ping_status":"closed","sticky":false,"template":"","format":"standard","meta":{"footnotes":""},"categories":[253,436,439],"tags":[],"class_list":["post-226084","post","type-post","status-publish","format-standard","has-post-thumbnail","hentry","category-cidade","category-destaque-da-semana","category-ultima-hora"],"_links":{"self":[{"href":"https:\/\/diarioregionaldigital.com.br\/index.php?rest_route=\/wp\/v2\/posts\/226084","targetHints":{"allow":["GET"]}}],"collection":[{"href":"https:\/\/diarioregionaldigital.com.br\/index.php?rest_route=\/wp\/v2\/posts"}],"about":[{"href":"https:\/\/diarioregionaldigital.com.br\/index.php?rest_route=\/wp\/v2\/types\/post"}],"author":[{"embeddable":true,"href":"https:\/\/diarioregionaldigital.com.br\/index.php?rest_route=\/wp\/v2\/users\/246"}],"replies":[{"embeddable":true,"href":"https:\/\/diarioregionaldigital.com.br\/index.php?rest_route=%2Fwp%2Fv2%2Fcomments&post=226084"}],"version-history":[{"count":1,"href":"https:\/\/diarioregionaldigital.com.br\/index.php?rest_route=\/wp\/v2\/posts\/226084\/revisions"}],"predecessor-version":[{"id":226086,"href":"https:\/\/diarioregionaldigital.com.br\/index.php?rest_route=\/wp\/v2\/posts\/226084\/revisions\/226086"}],"wp:featuredmedia":[{"embeddable":true,"href":"https:\/\/diarioregionaldigital.com.br\/index.php?rest_route=\/wp\/v2\/media\/226085"}],"wp:attachment":[{"href":"https:\/\/diarioregionaldigital.com.br\/index.php?rest_route=%2Fwp%2Fv2%2Fmedia&parent=226084"}],"wp:term":[{"taxonomy":"category","embeddable":true,"href":"https:\/\/diarioregionaldigital.com.br\/index.php?rest_route=%2Fwp%2Fv2%2Fcategories&post=226084"},{"taxonomy":"post_tag","embeddable":true,"href":"https:\/\/diarioregionaldigital.com.br\/index.php?rest_route=%2Fwp%2Fv2%2Ftags&post=226084"}],"curies":[{"name":"wp","href":"https:\/\/api.w.org\/{rel}","templated":true}]}}