{"id":226081,"date":"2024-12-23T17:04:57","date_gmt":"2024-12-23T20:04:57","guid":{"rendered":"https:\/\/diarioregionaldigital.com.br\/?p=226081"},"modified":"2024-12-23T17:04:57","modified_gmt":"2024-12-23T20:04:57","slug":"pjf-abre-pesquisa-de-opiniao-voltada-aos-feirantes-para-implantacao-de-novas-feiras-livres-na-cidade","status":"publish","type":"post","link":"https:\/\/diarioregionaldigital.com.br\/?p=226081","title":{"rendered":"PJF abre pesquisa de opini\u00e3o voltada aos feirantes para implanta\u00e7\u00e3o de novas feiras livres na cidade"},"content":{"rendered":"<p>Segundo informa\u00e7\u00f5es do site da Prefeitura de Juiz de Fora (PJF), a PJF lan\u00e7ou uma pesquisa para colher as opini\u00f5es dos feirantes com o intuito de compreender melhor as necessidades e expectativas quanto \u00e0 poss\u00edvel cria\u00e7\u00e3o de novas feiras em Juiz de Fora. Para participar, o feirante interessado deve preencher o formul\u00e1rio at\u00e9 domingo, 29 de dezembro pelo <a href=\"https:\/\/forms.gle\/PCQFkju3WVqmecxW6\"><strong>link<\/strong><\/a>.<\/p>\n<p>Atualmente, a PJF atrav\u00e9s da Secretaria de Agricultura, Pecu\u00e1ria e Abastecimento (Seapa), est\u00e1 conduzindo estudos t\u00e9cnicos de viabilidade para a implanta\u00e7\u00e3o de feiras em oito localidades, s\u00e3o elas, Cai\u00e7aras II, Progresso, Milho Branco, Paineiras, Realeza\/Amaz\u00f4nia, Santa Terezinha, Vila Ideal e Industrial.<\/p>\n<p>Esta pesquisa de opini\u00e3o n\u00e3o esgota o estudo de viabilidade. Para a implementa\u00e7\u00e3o das feiras, outros estudos t\u00e9cnicos j\u00e1 est\u00e3o sendo realizados e outros ainda ser\u00e3o desenvolvidos, o que envolve diversas outras pastas, como as secretarias de Mobilidade Urbana (SMU), Sustentabilidade em Meio Ambiente e Atividades Urbanas (Sesmaur), Planejamento Urbano (Sepur) e Governo (SG).<\/p>\n<p>Ap\u00f3s a pesquisa, as feiras em estudo podem entrar na fase de implanta\u00e7\u00e3o tempor\u00e1ria e experimental. Nesta fase \u00e9 verificada a viabilidade econ\u00f4mica das feiras, e em caso de parecer positivo, ser\u00e3o feitos os tr\u00e2mites administrativos necess\u00e1rios para efetiva\u00e7\u00e3o, com processo de concorr\u00eancia p\u00fablica de permiss\u00e3o de uso do espa\u00e7o.<\/p>\n<div><\/div>\n","protected":false},"excerpt":{"rendered":"<p>Segundo informa\u00e7\u00f5es do site da Prefeitura de Juiz de Fora (PJF), a PJF lan\u00e7ou uma pesquisa para colher as opini\u00f5es dos feirantes com o intuito de compreender melhor as necessidades e expectativas quanto \u00e0 poss\u00edvel cria\u00e7\u00e3o de novas feiras em Juiz de Fora. Para participar, o feirante interessado deve preencher o formul\u00e1rio at\u00e9 domingo, 29 [&hellip;]<\/p>\n","protected":false},"author":246,"featured_media":226082,"comment_status":"closed","ping_status":"closed","sticky":false,"template":"","format":"standard","meta":{"footnotes":""},"categories":[253,436,440,439],"tags":[],"class_list":["post-226081","post","type-post","status-publish","format-standard","has-post-thumbnail","hentry","category-cidade","category-destaque-da-semana","category-destaques-do-dia","category-ultima-hora"],"_links":{"self":[{"href":"https:\/\/diarioregionaldigital.com.br\/index.php?rest_route=\/wp\/v2\/posts\/226081","targetHints":{"allow":["GET"]}}],"collection":[{"href":"https:\/\/diarioregionaldigital.com.br\/index.php?rest_route=\/wp\/v2\/posts"}],"about":[{"href":"https:\/\/diarioregionaldigital.com.br\/index.php?rest_route=\/wp\/v2\/types\/post"}],"author":[{"embeddable":true,"href":"https:\/\/diarioregionaldigital.com.br\/index.php?rest_route=\/wp\/v2\/users\/246"}],"replies":[{"embeddable":true,"href":"https:\/\/diarioregionaldigital.com.br\/index.php?rest_route=%2Fwp%2Fv2%2Fcomments&post=226081"}],"version-history":[{"count":1,"href":"https:\/\/diarioregionaldigital.com.br\/index.php?rest_route=\/wp\/v2\/posts\/226081\/revisions"}],"predecessor-version":[{"id":226083,"href":"https:\/\/diarioregionaldigital.com.br\/index.php?rest_route=\/wp\/v2\/posts\/226081\/revisions\/226083"}],"wp:featuredmedia":[{"embeddable":true,"href":"https:\/\/diarioregionaldigital.com.br\/index.php?rest_route=\/wp\/v2\/media\/226082"}],"wp:attachment":[{"href":"https:\/\/diarioregionaldigital.com.br\/index.php?rest_route=%2Fwp%2Fv2%2Fmedia&parent=226081"}],"wp:term":[{"taxonomy":"category","embeddable":true,"href":"https:\/\/diarioregionaldigital.com.br\/index.php?rest_route=%2Fwp%2Fv2%2Fcategories&post=226081"},{"taxonomy":"post_tag","embeddable":true,"href":"https:\/\/diarioregionaldigital.com.br\/index.php?rest_route=%2Fwp%2Fv2%2Ftags&post=226081"}],"curies":[{"name":"wp","href":"https:\/\/api.w.org\/{rel}","templated":true}]}}