{"id":226075,"date":"2024-12-23T16:58:23","date_gmt":"2024-12-23T19:58:23","guid":{"rendered":"https:\/\/diarioregionaldigital.com.br\/?p=226075"},"modified":"2024-12-23T16:58:23","modified_gmt":"2024-12-23T19:58:23","slug":"governo-de-minas-sanciona-lei-que-altera-cobranca-do-ipva-para-fevereiro","status":"publish","type":"post","link":"https:\/\/diarioregionaldigital.com.br\/?p=226075","title":{"rendered":"Governo de Minas sanciona lei que altera cobran\u00e7a do IPVA para fevereiro"},"content":{"rendered":"<p>Foi sancionada pelo governador Romeu Zema e publicada no\u00a0<a href=\"https:\/\/www.jornalminasgerais.mg.gov.br\/index.php?dataJornal=2024-12-21\" target=\"_blank\" rel=\"noopener\">Di\u00e1rio Oficial deste s\u00e1bado (21\/12)\u00a0<\/a>a Lei 25.070\/2024, que altera a data de cobran\u00e7a do Imposto sobre a Propriedade de Ve\u00edculos Automotores (IPVA) de Minas Gerais.<\/p>\n<p>A norma estabelece que o IPVA poder\u00e1 ser pago em parcela \u00fanica, no m\u00eas de fevereiro, ou em at\u00e9 tr\u00eas parcelas, nos meses de fevereiro, mar\u00e7o e abril. A medida j\u00e1 vale para o ano de 2025.<\/p>\n<p>Uma resolu\u00e7\u00e3o contendo a tabela de valores e as datas de vencimentos das parcelas, dentre outros detalhes, ser\u00e1 publicada pela\u00a0<a href=\"https:\/\/www.fazenda.mg.gov.br\/\" target=\"_blank\" rel=\"noopener\">Secretaria de Estado de Fazenda (SEF)<\/a>\u00a0na pr\u00f3xima semana.<\/p>\n<p>A lei prev\u00ea ainda que, na hip\u00f3tese de d\u00e9bito de IPVA inscrito em d\u00edvida ativa e objeto de protesto, o pagamento efetuado pelo propriet\u00e1rio do ve\u00edculo dever\u00e1 ser comunicado \u00e0\u00a0<a href=\"https:\/\/advocaciageral.mg.gov.br\/\" target=\"_blank\" rel=\"noopener\">Advocacia-Geral do Estado (AGE)<\/a>, que providenciar\u00e1 imediatamente a exclus\u00e3o do nome do devedor do cadastro de inadimplente, bem como a comunica\u00e7\u00e3o aos cadastros informativos de prote\u00e7\u00e3o ao cr\u00e9dito, p\u00fablicos ou privados, nos quais o nome do contribuinte tenha sido inclu\u00eddo em raz\u00e3o de d\u00e9bito.<\/p>\n<p>Outra altera\u00e7\u00e3o diz respeito \u00e0 possibilidade de o propriet\u00e1rio ou o condutor que for abordado em opera\u00e7\u00e3o de fiscaliza\u00e7\u00e3o de tr\u00e2nsito, realizada no estado, efetuar, no ato da abordagem, por meio de sistema banc\u00e1rio eletr\u00f4nico, o pagamento de eventuais d\u00e9bitos e encargos financeiros existentes no prontu\u00e1rio do ve\u00edculo.<\/p>\n<p>Dessa forma, ser\u00e1 evitada a remo\u00e7\u00e3o do ve\u00edculo, desde que constatado pela autoridade, como irregularidade, exclusivamente, a falta de pagamento desses d\u00e9bitos.<\/p>\n<p>Fonte: Ag\u00eancia Minas<\/p>\n","protected":false},"excerpt":{"rendered":"<p>Foi sancionada pelo governador Romeu Zema e publicada no\u00a0Di\u00e1rio Oficial deste s\u00e1bado (21\/12)\u00a0a Lei 25.070\/2024, que altera a data de cobran\u00e7a do Imposto sobre a Propriedade de Ve\u00edculos Automotores (IPVA) de Minas Gerais. A norma estabelece que o IPVA poder\u00e1 ser pago em parcela \u00fanica, no m\u00eas de fevereiro, ou em at\u00e9 tr\u00eas parcelas, nos [&hellip;]<\/p>\n","protected":false},"author":246,"featured_media":226076,"comment_status":"closed","ping_status":"closed","sticky":false,"template":"","format":"standard","meta":{"footnotes":""},"categories":[436,261,254,439],"tags":[],"class_list":["post-226075","post","type-post","status-publish","format-standard","has-post-thumbnail","hentry","category-destaque-da-semana","category-economia","category-politica","category-ultima-hora"],"_links":{"self":[{"href":"https:\/\/diarioregionaldigital.com.br\/index.php?rest_route=\/wp\/v2\/posts\/226075","targetHints":{"allow":["GET"]}}],"collection":[{"href":"https:\/\/diarioregionaldigital.com.br\/index.php?rest_route=\/wp\/v2\/posts"}],"about":[{"href":"https:\/\/diarioregionaldigital.com.br\/index.php?rest_route=\/wp\/v2\/types\/post"}],"author":[{"embeddable":true,"href":"https:\/\/diarioregionaldigital.com.br\/index.php?rest_route=\/wp\/v2\/users\/246"}],"replies":[{"embeddable":true,"href":"https:\/\/diarioregionaldigital.com.br\/index.php?rest_route=%2Fwp%2Fv2%2Fcomments&post=226075"}],"version-history":[{"count":1,"href":"https:\/\/diarioregionaldigital.com.br\/index.php?rest_route=\/wp\/v2\/posts\/226075\/revisions"}],"predecessor-version":[{"id":226077,"href":"https:\/\/diarioregionaldigital.com.br\/index.php?rest_route=\/wp\/v2\/posts\/226075\/revisions\/226077"}],"wp:featuredmedia":[{"embeddable":true,"href":"https:\/\/diarioregionaldigital.com.br\/index.php?rest_route=\/wp\/v2\/media\/226076"}],"wp:attachment":[{"href":"https:\/\/diarioregionaldigital.com.br\/index.php?rest_route=%2Fwp%2Fv2%2Fmedia&parent=226075"}],"wp:term":[{"taxonomy":"category","embeddable":true,"href":"https:\/\/diarioregionaldigital.com.br\/index.php?rest_route=%2Fwp%2Fv2%2Fcategories&post=226075"},{"taxonomy":"post_tag","embeddable":true,"href":"https:\/\/diarioregionaldigital.com.br\/index.php?rest_route=%2Fwp%2Fv2%2Ftags&post=226075"}],"curies":[{"name":"wp","href":"https:\/\/api.w.org\/{rel}","templated":true}]}}