{"id":226069,"date":"2024-12-23T16:55:46","date_gmt":"2024-12-23T19:55:46","guid":{"rendered":"https:\/\/diarioregionaldigital.com.br\/?p=226069"},"modified":"2024-12-23T16:55:46","modified_gmt":"2024-12-23T19:55:46","slug":"governo-de-minas-realiza-sonho-de-mais-104-familias-com-entrega-de-titulos-de-regularizacao-fundiaria-em-carandai","status":"publish","type":"post","link":"https:\/\/diarioregionaldigital.com.br\/?p=226069","title":{"rendered":"Governo de Minas realiza sonho de mais 104 fam\u00edlias com entrega de t\u00edtulos de regulariza\u00e7\u00e3o fundi\u00e1ria em Caranda\u00ed"},"content":{"rendered":"<p>\u00c0s v\u00e9speras do Natal e em clima de celebra\u00e7\u00e3o por um ano de muitas conquistas para o desenvolvimento socioecon\u00f4mico de Minas Gerais, o Governo de Minas, por meio da\u00a0<a href=\"https:\/\/desenvolvimento.mg.gov.br\/\" target=\"_blank\" rel=\"noopener\">Secretaria de Estado de Desenvolvimento Econ\u00f4mico (Sede-MG)<\/a>, realizou o sonho de 104 fam\u00edlias de Caranda\u00ed, no Campo das Vertentes. Em 20\/12, por meio do programa Minas Reurb, o Estado entregou a elas os t\u00edtulos de Regulariza\u00e7\u00e3o Fundi\u00e1ria de seus im\u00f3veis.<\/p>\n<p>Andreia dos Santos faz parte de uma das fam\u00edlias beneficiadas pela escritura em Caranda\u00ed. A filha do aposentado Br\u00e1ulio dos Santos, de 79 anos, conta que s\u00e3o os primeiros moradores do bairro Santa Cec\u00edlia e que h\u00e1 48 anos a fam\u00edlia aguardava pela regulariza\u00e7\u00e3o do im\u00f3vel.<\/p>\n<p>\u201cQuando fiquei sabendo, at\u00e9 achei que fosse mentira e pensei: \u2018minha m\u00e3e pelejou tanto tempo e nunca conseguiu\u2019. V\u00e1rias vezes fui ao cart\u00f3rio com ela. Para a gente que n\u00e3o tinha nada, ter conseguido essa documenta\u00e7\u00e3o \u00e9 uma vit\u00f3ria\u201d, disse Andreia, cuja fam\u00edlia vai passar o primeiro Natal com o im\u00f3vel, enfim, regularizado.<\/p>\n<p><strong>Dignidade<\/strong><\/p>\n<p>Al\u00e9m dessas entregas, outros 352 t\u00edtulos j\u00e1 est\u00e3o protocolados em cart\u00f3rio para titula\u00e7\u00e3o dos propriet\u00e1rios na regi\u00e3o. Para o governador Romeu Zema, a a\u00e7\u00e3o refor\u00e7a o compromisso do\u00a0<a href=\"https:\/\/www.mg.gov.br\/\" target=\"_blank\" rel=\"noopener\">Governo de Minas<\/a>\u00a0em garantir melhores condi\u00e7\u00f5es e mais dignidade para os mineiros.<\/p>\n<p>\u201c\u00c9 uma alegria anunciar a entrega de mais de cem t\u00edtulos de propriedade para quem vive em Caranda\u00ed. O Minas Reurb \u00e9 um programa de regulariza\u00e7\u00e3o urbana que d\u00e1 \u00e0s fam\u00edlias a garantia de propriedade da casa em que moram, permite o acesso ao cr\u00e9dito para que possam investir no im\u00f3vel e melhora a condi\u00e7\u00e3o de vida das pessoas\u201d, destacou o governador.<\/p>\n<p>Ao todo, foram disponibilizados pela Sede-MG cerca de R$ 458 mil para execu\u00e7\u00e3o do programa no munic\u00edpio, j\u00e1 tendo sido repassado o valor de R$ 297,5 mil. Em contrapartida, a Prefeitura de Caranda\u00ed destinou o mesmo montante total concedido pela Sede-MG para viabilizar a regulariza\u00e7\u00e3o de aproximadamente 650 unidades irregulares dos n\u00facleos urbanos Santa Luzia, Santa Cec\u00edlia e S\u00e3o Francisco.<\/p>\n<p>\u201cDesde a cria\u00e7\u00e3o do programa, em 2019, j\u00e1 foram emitidos e entregues mais de 13 mil t\u00edtulos de regulariza\u00e7\u00e3o fundi\u00e1ria urbana. A meta do Governo de Minas \u00e9 entregar 60 mil t\u00edtulos de propriedade at\u00e9 2026 e a previs\u00e3o \u00e9 de que mais de 180 mil mineiros sejam beneficiados com o Minas Reurb\u201d, explica o secret\u00e1rio de Estado de Desenvolvimento Econ\u00f4mico de Minas Gerais, Fernando Passalio, que refor\u00e7ou a satisfa\u00e7\u00e3o de representar o Governo do Estado em uma entrega t\u00e3o simb\u00f3lica para essas fam\u00edlias \u00e0s v\u00e9speras do Natal.<\/p>\n<p><strong>Minas Reurb<\/strong><\/p>\n<p>A Regulariza\u00e7\u00e3o Fundi\u00e1ria Urbana (Reurb) com a efetiva titula\u00e7\u00e3o dos ocupantes da \u00e1rea irregular \u00e9 importante para os cidad\u00e3os, uma vez que o im\u00f3vel regularizado garante a seguran\u00e7a jur\u00eddica da moradia, formalizando a posse da terra e protegendo os moradores de despejos e disputas legais.<\/p>\n<p>Para conduzir a pol\u00edtica p\u00fablica, o estado conta com o Programa Mineiro de Integra\u00e7\u00e3o e Regulariza\u00e7\u00e3o Territorial (Minas Reurb), por meio da Sede-MG e de sua vinculada\u00a0<a href=\"https:\/\/www.cohab.mg.gov.br\/\" target=\"_blank\" rel=\"noopener\">Companhia de Habita\u00e7\u00e3o do Estado de Minas Gerais (Cohab)<\/a>, e em parceria com as prefeituras dos respectivos munic\u00edpios.<\/p>\n<p>O foco do Minas Reurb s\u00e3o as prefeituras e os pr\u00f3prios cidad\u00e3os. Para garantir a efici\u00eancia e a abrang\u00eancia do Minas Reurb, o Estado atua simultaneamente com a\u00a0<a href=\"https:\/\/www.agenciarmva.mg.gov.br\/\" target=\"_blank\" rel=\"noopener\">Ag\u00eancia de Desenvolvimento da Regi\u00e3o Metropolitana do Vale do A\u00e7o (ARMVA)<\/a>.<\/p>\n<p>Fonte: Ag\u00eancia Minas<\/p>\n","protected":false},"excerpt":{"rendered":"<p>\u00c0s v\u00e9speras do Natal e em clima de celebra\u00e7\u00e3o por um ano de muitas conquistas para o desenvolvimento socioecon\u00f4mico de Minas Gerais, o Governo de Minas, por meio da\u00a0Secretaria de Estado de Desenvolvimento Econ\u00f4mico (Sede-MG), realizou o sonho de 104 fam\u00edlias de Caranda\u00ed, no Campo das Vertentes. Em 20\/12, por meio do programa Minas Reurb, [&hellip;]<\/p>\n","protected":false},"author":246,"featured_media":226070,"comment_status":"closed","ping_status":"closed","sticky":false,"template":"","format":"standard","meta":{"footnotes":""},"categories":[436,440,261,254,439],"tags":[],"class_list":["post-226069","post","type-post","status-publish","format-standard","has-post-thumbnail","hentry","category-destaque-da-semana","category-destaques-do-dia","category-economia","category-politica","category-ultima-hora"],"_links":{"self":[{"href":"https:\/\/diarioregionaldigital.com.br\/index.php?rest_route=\/wp\/v2\/posts\/226069","targetHints":{"allow":["GET"]}}],"collection":[{"href":"https:\/\/diarioregionaldigital.com.br\/index.php?rest_route=\/wp\/v2\/posts"}],"about":[{"href":"https:\/\/diarioregionaldigital.com.br\/index.php?rest_route=\/wp\/v2\/types\/post"}],"author":[{"embeddable":true,"href":"https:\/\/diarioregionaldigital.com.br\/index.php?rest_route=\/wp\/v2\/users\/246"}],"replies":[{"embeddable":true,"href":"https:\/\/diarioregionaldigital.com.br\/index.php?rest_route=%2Fwp%2Fv2%2Fcomments&post=226069"}],"version-history":[{"count":1,"href":"https:\/\/diarioregionaldigital.com.br\/index.php?rest_route=\/wp\/v2\/posts\/226069\/revisions"}],"predecessor-version":[{"id":226071,"href":"https:\/\/diarioregionaldigital.com.br\/index.php?rest_route=\/wp\/v2\/posts\/226069\/revisions\/226071"}],"wp:featuredmedia":[{"embeddable":true,"href":"https:\/\/diarioregionaldigital.com.br\/index.php?rest_route=\/wp\/v2\/media\/226070"}],"wp:attachment":[{"href":"https:\/\/diarioregionaldigital.com.br\/index.php?rest_route=%2Fwp%2Fv2%2Fmedia&parent=226069"}],"wp:term":[{"taxonomy":"category","embeddable":true,"href":"https:\/\/diarioregionaldigital.com.br\/index.php?rest_route=%2Fwp%2Fv2%2Fcategories&post=226069"},{"taxonomy":"post_tag","embeddable":true,"href":"https:\/\/diarioregionaldigital.com.br\/index.php?rest_route=%2Fwp%2Fv2%2Ftags&post=226069"}],"curies":[{"name":"wp","href":"https:\/\/api.w.org\/{rel}","templated":true}]}}