{"id":226066,"date":"2024-12-23T16:53:31","date_gmt":"2024-12-23T19:53:31","guid":{"rendered":"https:\/\/diarioregionaldigital.com.br\/?p=226066"},"modified":"2024-12-23T16:53:31","modified_gmt":"2024-12-23T19:53:31","slug":"pela-primeira-vez-exportacoes-do-agro-mineiro-superam-segmento-da-mineracao","status":"publish","type":"post","link":"https:\/\/diarioregionaldigital.com.br\/?p=226066","title":{"rendered":"Pela primeira vez, exporta\u00e7\u00f5es do agro mineiro superam segmento da minera\u00e7\u00e3o"},"content":{"rendered":"<p>Pela primeira vez, o valor alcan\u00e7ado pelas exporta\u00e7\u00f5es do agroneg\u00f3cio mineiro ultrapassou o setor da minera\u00e7\u00e3o, passando a ocupar o primeiro lugar no ranking dos setores que mais exportam em Minas Gerais. No per\u00edodo de janeiro a novembro de 2024, as vendas externas do agro somaram US$ 15,7 bilh\u00f5es, superando em 3% o valor alcan\u00e7ado pela minera\u00e7\u00e3o, que alcan\u00e7ou US$ 14,5 bilh\u00f5es.<\/p>\n<p>No acumulado do ano at\u00e9 novembro, o agro representou 40,7% do valor total das vendas externas do estado. Na compara\u00e7\u00e3o com o mesmo per\u00edodo do ano anterior, o setor registrou acr\u00e9scimo de 19% na receita e 9% no volume, alcan\u00e7ando 16 milh\u00f5es de toneladas. A minera\u00e7\u00e3o respondeu por 37,7% das exporta\u00e7\u00f5es totais, com 14,5 milh\u00f5es de toneladas embarcadas.<\/p>\n<table border=\"0\" cellspacing=\"1\" cellpadding=\"1\" align=\"center\">\n<tbody>\n<tr>\n<td colspan=\"5\"><img decoding=\"async\" src=\"https:\/\/www.agenciaminas.mg.gov.br\/ckeditor_assets\/pictures\/20949\/content_2_olho_topo.jpg\" alt=\"\" \/><\/td>\n<\/tr>\n<tr>\n<td><\/td>\n<td colspan=\"3\" rowspan=\"3\">\n<h1><strong>&#8220;O agroneg\u00f3cio em Minas concilia a efici\u00eancia que vemos nesses indicadores, cada vez mais significativos para nossa economia, com a responsabilidade ambiental de preservar as terras que nos permitem alimentar o estado, o pa\u00eds e o mundo&#8221;, destaca o vice-governador de Minas Gerais, Professor Mateus.<\/strong><\/h1>\n<\/td>\n<td><\/td>\n<\/tr>\n<tr>\n<td><\/td>\n<td><\/td>\n<\/tr>\n<tr>\n<td><\/td>\n<td><\/td>\n<\/tr>\n<tr>\n<td colspan=\"5\"><img decoding=\"async\" src=\"https:\/\/www.agenciaminas.mg.gov.br\/ckeditor_assets\/pictures\/20950\/content_2_olho_inferior.jpg\" alt=\"\" \/><\/td>\n<\/tr>\n<\/tbody>\n<\/table>\n<p>Mesmo sem contabilizar o m\u00eas de dezembro, a cifra alcan\u00e7ada j\u00e1 superou o \u00faltimo recorde anual registrado no ano de 2022, quando a receita alcan\u00e7ou US$ 15,3 bilh\u00f5es. A m\u00e9dia mensal em mais de US$ 1,4 bilh\u00e3o garantiu o bom desempenho. Al\u00e9m disso, a taxa de c\u00e2mbio nominal mais alta observada nos \u00faltimos meses vem favorecendo o desempenho das atividades exportadoras.<\/p>\n<p>Para o secret\u00e1rio de Estado de Agricultura, Pecu\u00e1ria e Abastecimento (Seapa), Thales Fernandes, era quest\u00e3o de tempo o agro ocupar a primeira posi\u00e7\u00e3o na contribui\u00e7\u00e3o com as exporta\u00e7\u00f5es mineiras, j\u00e1 que o setor vem investindo firme em capacita\u00e7\u00e3o, produ\u00e7\u00e3o sustent\u00e1vel e inova\u00e7\u00e3o.<\/p>\n<table border=\"0\" cellspacing=\"1\" cellpadding=\"1\" align=\"center\">\n<tbody>\n<tr>\n<td colspan=\"5\"><img decoding=\"async\" src=\"https:\/\/www.agenciaminas.mg.gov.br\/ckeditor_assets\/pictures\/20949\/content_2_olho_topo.jpg\" alt=\"\" \/><\/td>\n<\/tr>\n<tr>\n<td><\/td>\n<td colspan=\"3\" rowspan=\"3\">\n<h1><strong>\u201cEsses n\u00fameros consolidam Minas como uma pot\u00eancia na produ\u00e7\u00e3o de alimentos, contribuindo fortemente para o protagonismo do Brasil frente ao resto do mundo. N\u00e3o tenho d\u00favidas de que, em 2025, a combina\u00e7\u00e3o da nossa evolu\u00e7\u00e3o no campo com a valoriza\u00e7\u00e3o dos nossos produtos no estrangeiro vai aumentar ainda mais essa vantagem\u201d, afirma Thales Fernandes.<\/strong><\/h1>\n<\/td>\n<td><\/td>\n<\/tr>\n<tr>\n<td><\/td>\n<td><\/td>\n<\/tr>\n<tr>\n<td><\/td>\n<td><\/td>\n<\/tr>\n<tr>\n<td colspan=\"5\"><img decoding=\"async\" src=\"https:\/\/www.agenciaminas.mg.gov.br\/ckeditor_assets\/pictures\/20950\/content_2_olho_inferior.jpg\" alt=\"\" \/><\/td>\n<\/tr>\n<\/tbody>\n<\/table>\n<p><strong>Novos produtos<\/strong><\/p>\n<p>Caf\u00e9, produtos do complexo sucroalcooleiro e a carne bovina seguem como os principais respons\u00e1veis pelos bons resultados. No entanto, outros itens v\u00eam ganhando destaque como sementes para semeadura (milho, r\u00edcino, girassol e outras), s\u00eamen bovino, queijos, iogurte, leite condensado e batatas preparadas.<\/p>\n<p>\u00c1gua de coco, tapioca, cogumelos, inhame, azeitonas e gr\u00e3o de bico tamb\u00e9m ajudam a ampliar a oferta de produtos e mostram a capacidade de diversifica\u00e7\u00e3o do setor.<\/p>\n<figure class=\"image\"><img decoding=\"async\" src=\"https:\/\/www.agenciaminas.mg.gov.br\/ckeditor_assets\/pictures\/22147\/content_saca_de_cafe_-_divulgacao_seapa.jpg\" alt=\"\" \/><figcaption><em><sub>Cr\u00e9dito: Seapa \/ Divulga\u00e7\u00e3o<\/sub><\/em><\/figcaption><\/figure>\n<p>Ao todo, 169 pa\u00edses importam os produtos agropecu\u00e1rios mineiros. A China lidera a lista dos principais importadores (US$3,9 bilh\u00f5es), seguida pelos Estados Unidos (US$ 1,7 bilh\u00e3o), Alemanha (US$1,3 bilh\u00e3o), B\u00e9lgica (US$ 727 milh\u00f5es) e It\u00e1lia (US$ 669 milh\u00f5es).<\/p>\n<p><strong>Caf\u00e9<\/strong><\/p>\n<p>Carro-chefe das exporta\u00e7\u00f5es, o caf\u00e9 alcan\u00e7ou US$ 7,1 bilh\u00f5es, 44,6% a mais na compara\u00e7\u00e3o com o ano anterior, indicando a melhor performance do nosso principal produto exportado.<\/p>\n<p><strong>Carnes<\/strong><\/p>\n<p>No total, as carnes contabilizaram US$ 1,4 bilh\u00e3o e 414 mil toneladas, representando 9% das vendas para o exterior. A carne bovina segue como o carro-chefe do grupo com receita de US$ 1 bilh\u00e3o e 240 mil toneladas.<\/p>\n<p>A carne su\u00edna foi o destaque do per\u00edodo, com o melhor resultado dos \u00faltimos 8 anos com a cifra de US$ 52,5 milh\u00f5es e 26,5 mil toneladas. J\u00e1 a carne de frango somou US$ 269 milh\u00f5es (-20%) e 142 mil toneladas embarcadas (-18%).<\/p>\n<p>As exporta\u00e7\u00f5es do complexo soja (gr\u00e3os, farelo e \u00f3leo de soja) somaram US$ 3,2 bilh\u00f5es, com redu\u00e7\u00e3o de 8,4% devido \u00e0 queda nas importa\u00e7\u00f5es da China e Tail\u00e2ndia, principais compradores.<\/p>\n<p>As vendas com complexo sucroalcooleiro totalizaram US$ 2,3 bilh\u00f5es e 4,7 milh\u00f5es de toneladas, representando acr\u00e9scimos de 23,7% e 23,2%, respectivamente.<\/p>\n<p>Fonte: Ag\u00eancia Minas<\/p>\n","protected":false},"excerpt":{"rendered":"<p>Pela primeira vez, o valor alcan\u00e7ado pelas exporta\u00e7\u00f5es do agroneg\u00f3cio mineiro ultrapassou o setor da minera\u00e7\u00e3o, passando a ocupar o primeiro lugar no ranking dos setores que mais exportam em Minas Gerais. No per\u00edodo de janeiro a novembro de 2024, as vendas externas do agro somaram US$ 15,7 bilh\u00f5es, superando em 3% o valor alcan\u00e7ado [&hellip;]<\/p>\n","protected":false},"author":246,"featured_media":226067,"comment_status":"closed","ping_status":"closed","sticky":false,"template":"","format":"standard","meta":{"footnotes":""},"categories":[436,440,261,254,252,439],"tags":[],"class_list":["post-226066","post","type-post","status-publish","format-standard","has-post-thumbnail","hentry","category-destaque-da-semana","category-destaques-do-dia","category-economia","category-politica","category-regiao","category-ultima-hora"],"_links":{"self":[{"href":"https:\/\/diarioregionaldigital.com.br\/index.php?rest_route=\/wp\/v2\/posts\/226066","targetHints":{"allow":["GET"]}}],"collection":[{"href":"https:\/\/diarioregionaldigital.com.br\/index.php?rest_route=\/wp\/v2\/posts"}],"about":[{"href":"https:\/\/diarioregionaldigital.com.br\/index.php?rest_route=\/wp\/v2\/types\/post"}],"author":[{"embeddable":true,"href":"https:\/\/diarioregionaldigital.com.br\/index.php?rest_route=\/wp\/v2\/users\/246"}],"replies":[{"embeddable":true,"href":"https:\/\/diarioregionaldigital.com.br\/index.php?rest_route=%2Fwp%2Fv2%2Fcomments&post=226066"}],"version-history":[{"count":1,"href":"https:\/\/diarioregionaldigital.com.br\/index.php?rest_route=\/wp\/v2\/posts\/226066\/revisions"}],"predecessor-version":[{"id":226068,"href":"https:\/\/diarioregionaldigital.com.br\/index.php?rest_route=\/wp\/v2\/posts\/226066\/revisions\/226068"}],"wp:featuredmedia":[{"embeddable":true,"href":"https:\/\/diarioregionaldigital.com.br\/index.php?rest_route=\/wp\/v2\/media\/226067"}],"wp:attachment":[{"href":"https:\/\/diarioregionaldigital.com.br\/index.php?rest_route=%2Fwp%2Fv2%2Fmedia&parent=226066"}],"wp:term":[{"taxonomy":"category","embeddable":true,"href":"https:\/\/diarioregionaldigital.com.br\/index.php?rest_route=%2Fwp%2Fv2%2Fcategories&post=226066"},{"taxonomy":"post_tag","embeddable":true,"href":"https:\/\/diarioregionaldigital.com.br\/index.php?rest_route=%2Fwp%2Fv2%2Ftags&post=226066"}],"curies":[{"name":"wp","href":"https:\/\/api.w.org\/{rel}","templated":true}]}}