{"id":226058,"date":"2024-12-20T19:06:09","date_gmt":"2024-12-20T22:06:09","guid":{"rendered":"https:\/\/diarioregionaldigital.com.br\/?p=226058"},"modified":"2024-12-20T19:06:09","modified_gmt":"2024-12-20T22:06:09","slug":"fiscalizacao-interdita-marquise-na-avenida-itamar-franco","status":"publish","type":"post","link":"https:\/\/diarioregionaldigital.com.br\/?p=226058","title":{"rendered":"Fiscaliza\u00e7\u00e3o interdita marquise na Avenida Itamar Franco"},"content":{"rendered":"<p>Segundo informa\u00e7\u00f5es do site da Prefeitura de Juiz de Fora (PJF), na tarde desta sexta-feira, 20, a Prefeitura de Juiz de Fora (PJF), por meio da fiscaliza\u00e7\u00e3o da Secretaria de Sustentabilidade em Meio Ambiente e Atividades Urbanas (Sesmaur), determinou a interdi\u00e7\u00e3o cautelar de uma marquise, localizada na Av. Itamar Franco, 695, no bairro S\u00e3o Mateus. O objetivo \u00e9 garantir a seguran\u00e7a das pessoas que transitam pelo local, minimizando riscos.<\/p>\n<div>A Lei n\u00ba 084\/2007 define que os propriet\u00e1rios de edif\u00edcios com marquise s\u00e3o respons\u00e1veis por sua manuten\u00e7\u00e3o, devendo ainda apresentar laudo de estabilidade. Nesse caso, a interdi\u00e7\u00e3o aconteceu porque o laudo que foi apresentado da marquise foi condenado pelo engenheiro da prefeitura por n\u00e3o estar de acordo com a Lei Municipal 11.309\/2007 e a Norma Brasileira n\u00ba 13.752, diretrizes exigidas para assegurar a estabilidade da estrutura. Por isso, em car\u00e1ter emergencial, o propriet\u00e1rio do im\u00f3vel dever\u00e1 escorar as marquises e providenciar a entrega da documenta\u00e7\u00e3o de acordo com a legisla\u00e7\u00e3o. Al\u00e9m disso, os propriet\u00e1rios t\u00eam 15 dias de prazo de defesa e para apresentar os documentos, que deve ser feito pelo Prefeitura \u00c1gil, atrav\u00e9s do formul\u00e1rio \u201cLaudo de Estabilidade de Marquises &#8211; Lei Municipal 11.309\/2007\u201d.<\/div>\n<p>&nbsp;<\/p>\n<div>A PJF destaca a import\u00e2ncia da manuten\u00e7\u00e3o preventiva e da apresenta\u00e7\u00e3o do laudo de estabilidade de marquises em conformidade com as normas t\u00e9cnicas para evitar riscos e acidentes. Os laudos devem incluir uma prova de carga nos casos em que a estrutura apresente fissuras, deforma\u00e7\u00f5es, infiltra\u00e7\u00f5es, sobrecarga ou qualquer outra anomalia. A popula\u00e7\u00e3o pode ajudar fazendo den\u00fancias pelo WhatsApp da Fiscaliza\u00e7\u00e3o: (32) 3690-7984.<\/div>\n<div><\/div>\n","protected":false},"excerpt":{"rendered":"<p>Segundo informa\u00e7\u00f5es do site da Prefeitura de Juiz de Fora (PJF), na tarde desta sexta-feira, 20, a Prefeitura de Juiz de Fora (PJF), por meio da fiscaliza\u00e7\u00e3o da Secretaria de Sustentabilidade em Meio Ambiente e Atividades Urbanas (Sesmaur), determinou a interdi\u00e7\u00e3o cautelar de uma marquise, localizada na Av. Itamar Franco, 695, no bairro S\u00e3o Mateus. [&hellip;]<\/p>\n","protected":false},"author":246,"featured_media":226059,"comment_status":"closed","ping_status":"closed","sticky":false,"template":"","format":"standard","meta":{"footnotes":""},"categories":[253,436,439],"tags":[],"class_list":["post-226058","post","type-post","status-publish","format-standard","has-post-thumbnail","hentry","category-cidade","category-destaque-da-semana","category-ultima-hora"],"_links":{"self":[{"href":"https:\/\/diarioregionaldigital.com.br\/index.php?rest_route=\/wp\/v2\/posts\/226058","targetHints":{"allow":["GET"]}}],"collection":[{"href":"https:\/\/diarioregionaldigital.com.br\/index.php?rest_route=\/wp\/v2\/posts"}],"about":[{"href":"https:\/\/diarioregionaldigital.com.br\/index.php?rest_route=\/wp\/v2\/types\/post"}],"author":[{"embeddable":true,"href":"https:\/\/diarioregionaldigital.com.br\/index.php?rest_route=\/wp\/v2\/users\/246"}],"replies":[{"embeddable":true,"href":"https:\/\/diarioregionaldigital.com.br\/index.php?rest_route=%2Fwp%2Fv2%2Fcomments&post=226058"}],"version-history":[{"count":1,"href":"https:\/\/diarioregionaldigital.com.br\/index.php?rest_route=\/wp\/v2\/posts\/226058\/revisions"}],"predecessor-version":[{"id":226060,"href":"https:\/\/diarioregionaldigital.com.br\/index.php?rest_route=\/wp\/v2\/posts\/226058\/revisions\/226060"}],"wp:featuredmedia":[{"embeddable":true,"href":"https:\/\/diarioregionaldigital.com.br\/index.php?rest_route=\/wp\/v2\/media\/226059"}],"wp:attachment":[{"href":"https:\/\/diarioregionaldigital.com.br\/index.php?rest_route=%2Fwp%2Fv2%2Fmedia&parent=226058"}],"wp:term":[{"taxonomy":"category","embeddable":true,"href":"https:\/\/diarioregionaldigital.com.br\/index.php?rest_route=%2Fwp%2Fv2%2Fcategories&post=226058"},{"taxonomy":"post_tag","embeddable":true,"href":"https:\/\/diarioregionaldigital.com.br\/index.php?rest_route=%2Fwp%2Fv2%2Ftags&post=226058"}],"curies":[{"name":"wp","href":"https:\/\/api.w.org\/{rel}","templated":true}]}}