{"id":226049,"date":"2024-12-20T18:58:19","date_gmt":"2024-12-20T21:58:19","guid":{"rendered":"https:\/\/diarioregionaldigital.com.br\/?p=226049"},"modified":"2024-12-20T18:58:19","modified_gmt":"2024-12-20T21:58:19","slug":"estado-autoriza-inicio-das-obras-de-recuperacao-da-mg-424-na-regiao-metropolitana-de-belo-horizonte","status":"publish","type":"post","link":"https:\/\/diarioregionaldigital.com.br\/?p=226049","title":{"rendered":"Estado autoriza in\u00edcio das obras de recupera\u00e7\u00e3o da MG-424, na Regi\u00e3o Metropolitana de Belo Horizonte"},"content":{"rendered":"<p>O\u00a0<a href=\"http:\/\/www.mg.gov.br\/\" target=\"_blank\" rel=\"noopener\">Governo de Minas<\/a>, por meio do\u00a0<a href=\"https:\/\/www.der.mg.gov.br\/\" target=\"_blank\" rel=\"noopener\">Departamento de Estradas de Rodagem do Estado de Minas Gerais (DER-MG)<\/a>\u00a0autorizou, nesta sexta-feira (20\/12), o in\u00edcio das obras de recupera\u00e7\u00e3o funcional da rodovia MG-424, entre o entroncamento com a MG-010 e Sete Lagoas, na Regi\u00e3o Metropolitana de Belo Horizonte (RMBH). As interven\u00e7\u00f5es fazem parte do programa Caminhos pra Avan\u00e7ar, o maior pacote de obras rodovi\u00e1rias das \u00faltimas d\u00e9cadas em Minas Gerais.<\/p>\n<p>Os 50 quil\u00f4metros de extens\u00e3o que passar\u00e3o por melhorias v\u00e3o da rodovia MG-010, em Vespasiano, at\u00e9 a entrada de Sete Lagoas. O trecho passa, tamb\u00e9m, pelos munic\u00edpios de S\u00e3o Jos\u00e9 da Lapa, Pedro Leopoldo, Confins, Matozinhos e Prudente de Morais. O investimento \u00e9 de R$ 88.577.728,23 e beneficia mais de meio milh\u00e3o de habitantes dos munic\u00edpios diretamente envolvidos. O prazo contratual para execu\u00e7\u00e3o dos servi\u00e7os \u00e9 de 18 meses.<\/p>\n<p>As equipes do DER-MG se concentrar\u00e3o, nos pr\u00f3ximos dias, nos servi\u00e7os de seguran\u00e7a vi\u00e1ria com a troca de 1500 metros de defensas met\u00e1licas at\u00e9 o final do ano, seguidas de obras complementares. Ap\u00f3s essa fase, come\u00e7am as interven\u00e7\u00f5es no pavimento asf\u00e1ltico, que envolvem reciclagem de base e sub-base da pista, nova capa asf\u00e1ltica, implanta\u00e7\u00e3o de nova sinaliza\u00e7\u00e3o e obras de drenagem. Al\u00e9m disso, 19 pontos de eros\u00e3o ser\u00e3o recuperados ao longo do trecho.<\/p>\n<p><strong>Rodovias no Sul de Minas<\/strong><\/p>\n<p>Rodovias no Sul do estado tamb\u00e9m tiveram a ordem de in\u00edcio emitida pelo DER-MG, nesta sexta feira. S\u00e3o contemplados 28,6\u00a0quil\u00f4metros da LMG- 886 (final do per\u00edmetro urbano de Monte Verde ao in\u00edcio do per\u00edmetro urbano de Camanducaia); 12,3\u00a0quil\u00f4metros\u00a0da AMG-1930 (entroncamento da MG-173 at\u00e9 o in\u00edcio do per\u00edmetro urbano de Gon\u00e7alves) e 43,3\u00a0quil\u00f4metros\u00a0da AMG-1915 (final do per\u00edmetro urbano de Borda da Mata at\u00e9 o in\u00edcio do per\u00edmetro urbano de Tocos do Moji. O investimento total nas tr\u00eas obras \u00e9 de mais R$ 65 milh\u00f5es.<\/p>\n<p>De acordo com o diretor-geral do DER-MG, os \u00faltimos dois anos foram recuperados quase dois mil quil\u00f4metros de rodovias e 2025 ser\u00e1 um ano de muitas outras obras que v\u00e3o proporcionar mais seguran\u00e7a e conforto para os mineiros, alavancados pelos projetos inseridos no programa Caminhos pra Avan\u00e7ar e pelos novos contratos de manuten\u00e7\u00e3o e conserva\u00e7\u00e3o permanentes em vigor nas Coordenadorias Regionais do departamento em todo territ\u00f3rio de Minas.<\/p>\n<p>Fonte: Ag\u00eancia Minas<\/p>\n","protected":false},"excerpt":{"rendered":"<p>O\u00a0Governo de Minas, por meio do\u00a0Departamento de Estradas de Rodagem do Estado de Minas Gerais (DER-MG)\u00a0autorizou, nesta sexta-feira (20\/12), o in\u00edcio das obras de recupera\u00e7\u00e3o funcional da rodovia MG-424, entre o entroncamento com a MG-010 e Sete Lagoas, na Regi\u00e3o Metropolitana de Belo Horizonte (RMBH). As interven\u00e7\u00f5es fazem parte do programa Caminhos pra Avan\u00e7ar, o [&hellip;]<\/p>\n","protected":false},"author":246,"featured_media":226050,"comment_status":"closed","ping_status":"closed","sticky":false,"template":"","format":"standard","meta":{"footnotes":""},"categories":[436,261,254,252,439],"tags":[],"class_list":["post-226049","post","type-post","status-publish","format-standard","has-post-thumbnail","hentry","category-destaque-da-semana","category-economia","category-politica","category-regiao","category-ultima-hora"],"_links":{"self":[{"href":"https:\/\/diarioregionaldigital.com.br\/index.php?rest_route=\/wp\/v2\/posts\/226049","targetHints":{"allow":["GET"]}}],"collection":[{"href":"https:\/\/diarioregionaldigital.com.br\/index.php?rest_route=\/wp\/v2\/posts"}],"about":[{"href":"https:\/\/diarioregionaldigital.com.br\/index.php?rest_route=\/wp\/v2\/types\/post"}],"author":[{"embeddable":true,"href":"https:\/\/diarioregionaldigital.com.br\/index.php?rest_route=\/wp\/v2\/users\/246"}],"replies":[{"embeddable":true,"href":"https:\/\/diarioregionaldigital.com.br\/index.php?rest_route=%2Fwp%2Fv2%2Fcomments&post=226049"}],"version-history":[{"count":1,"href":"https:\/\/diarioregionaldigital.com.br\/index.php?rest_route=\/wp\/v2\/posts\/226049\/revisions"}],"predecessor-version":[{"id":226051,"href":"https:\/\/diarioregionaldigital.com.br\/index.php?rest_route=\/wp\/v2\/posts\/226049\/revisions\/226051"}],"wp:featuredmedia":[{"embeddable":true,"href":"https:\/\/diarioregionaldigital.com.br\/index.php?rest_route=\/wp\/v2\/media\/226050"}],"wp:attachment":[{"href":"https:\/\/diarioregionaldigital.com.br\/index.php?rest_route=%2Fwp%2Fv2%2Fmedia&parent=226049"}],"wp:term":[{"taxonomy":"category","embeddable":true,"href":"https:\/\/diarioregionaldigital.com.br\/index.php?rest_route=%2Fwp%2Fv2%2Fcategories&post=226049"},{"taxonomy":"post_tag","embeddable":true,"href":"https:\/\/diarioregionaldigital.com.br\/index.php?rest_route=%2Fwp%2Fv2%2Ftags&post=226049"}],"curies":[{"name":"wp","href":"https:\/\/api.w.org\/{rel}","templated":true}]}}