{"id":226035,"date":"2024-12-20T00:05:06","date_gmt":"2024-12-20T03:05:06","guid":{"rendered":"https:\/\/diarioregionaldigital.com.br\/?p=226035"},"modified":"2024-12-20T00:05:06","modified_gmt":"2024-12-20T03:05:06","slug":"edital-de-convocacao-para-assembleia-geral-extraordinaria-em-carater-permanente-condominio-golden-green-park-20-12-2024","status":"publish","type":"post","link":"https:\/\/diarioregionaldigital.com.br\/?p=226035","title":{"rendered":"EDITAL DE CONVOCA\u00c7\u00c3O PARA ASSEMBLEIA GERAL EXTRAORDIN\u00c1RIA EM CAR\u00c1TER PERMANENTE CONDOM\u00cdNIO GOLDEN GREEN PARK &#8211; 20\/12\/2024"},"content":{"rendered":"<p>EDITAL DE CONVOCA\u00c7\u00c3O PARA ASSEMBLEIA GERAL EXTRAORDIN\u00c1RIA EM<br \/>\nCAR\u00c1TER PERMANENTE<br \/>\nCONDOM\u00cdNIO GOLDEN GREEN PARK<\/p>\n<p>Na qualidade de s\u00edndico do Condom\u00ednio Golden Green Park, situado nesta cidade a Rua Antonio Marinho Saraiva n\u00ba 500, bairro Cascatinha, e em conformidade com o disposto na Conven\u00e7\u00e3o Condominial e na legisla\u00e7\u00e3o aplic\u00e1vel, convocamos a todos os cond\u00f4minos<\/p>\n<p>propriet\u00e1rios para participar e votar na Assembleia Geral Extraordin\u00e1ria em Car\u00e1ter Permanente, que ser\u00e1 realizada conforme segue:<\/p>\n<p>Data de Abertura e Encerramento:<br \/>\n\u2022 Abertura: 28 de dezembro de 2024 \u00e0s 09h00min.<br \/>\n\u2022 Encerramento: 28 de janeiro de 2025 as 09h00min.<br \/>\nLocal:<br \/>\n\u2022 Plataforma do sistema Superl\u00f3gica Condom\u00ednios (\u00c1rea do Cond\u00f4mino)<br \/>\nOrdem do Dia:<br \/>\n1. 2. Apresenta\u00e7\u00e3o do Novo Regime Interno do Condom\u00ednio elaborado pela comiss\u00e3o de<br \/>\nmoradores, conforme aprovado na AGO do dia 17\/06\/2024;<br \/>\nVota\u00e7\u00e3o para aprova\u00e7\u00e3o do texto do Regimento Interno.<br \/>\nFuncionamento da Assembleia Permanente:<br \/>\n\u2022 Durante o per\u00edodo de dura\u00e7\u00e3o da Assembleia, os cond\u00f4minos poder\u00e3o consultar o<br \/>\ntexto do Regimento Interno proposto, que estar\u00e1 dispon\u00edvel ou no aplicativo do<br \/>\ncondom\u00ednio na \u00e1rea documentos.<br \/>\n\u2022 A delibera\u00e7\u00e3o final ser\u00e1 consolidada e registrada em ata no encerramento da Assembleia, considerando as contribui\u00e7\u00f5es recebidas e o qu\u00f3rum exigido pela Conven\u00e7\u00e3o.<\/p>\n<p>Qu\u00f3rum para Aprova\u00e7\u00e3o:<br \/>\nConforme previsto na Conven\u00e7\u00e3o do Condom\u00ednio, ser\u00e1 necess\u00e1rio 50% + 01 dos cond\u00f4minos de acordo com a fra\u00e7\u00e3o ideal para aprova\u00e7\u00e3o do Regimento Interno.<br \/>\nContamos com a participa\u00e7\u00e3o de todos para aprova\u00e7\u00e3o do Regimento Interno que foi elaborado pela comiss\u00e3o de moradores especificamente para Golden Green Park refletindo os interesses e necessidades coletivas.<\/p>\n<p>Atenciosamente,<br \/>\nAristides Casendey de Abreu<\/p>\n","protected":false},"excerpt":{"rendered":"<p>EDITAL DE CONVOCA\u00c7\u00c3O PARA ASSEMBLEIA GERAL EXTRAORDIN\u00c1RIA EM CAR\u00c1TER PERMANENTE CONDOM\u00cdNIO GOLDEN GREEN PARK Na qualidade de s\u00edndico do Condom\u00ednio Golden Green Park, situado nesta cidade a Rua Antonio Marinho Saraiva n\u00ba 500, bairro Cascatinha, e em conformidade com o disposto na Conven\u00e7\u00e3o Condominial e na legisla\u00e7\u00e3o aplic\u00e1vel, convocamos a todos os cond\u00f4minos propriet\u00e1rios para [&hellip;]<\/p>\n","protected":false},"author":246,"featured_media":0,"comment_status":"closed","ping_status":"closed","sticky":false,"template":"","format":"standard","meta":{"footnotes":""},"categories":[307],"tags":[],"class_list":["post-226035","post","type-post","status-publish","format-standard","hentry","category-editais"],"_links":{"self":[{"href":"https:\/\/diarioregionaldigital.com.br\/index.php?rest_route=\/wp\/v2\/posts\/226035","targetHints":{"allow":["GET"]}}],"collection":[{"href":"https:\/\/diarioregionaldigital.com.br\/index.php?rest_route=\/wp\/v2\/posts"}],"about":[{"href":"https:\/\/diarioregionaldigital.com.br\/index.php?rest_route=\/wp\/v2\/types\/post"}],"author":[{"embeddable":true,"href":"https:\/\/diarioregionaldigital.com.br\/index.php?rest_route=\/wp\/v2\/users\/246"}],"replies":[{"embeddable":true,"href":"https:\/\/diarioregionaldigital.com.br\/index.php?rest_route=%2Fwp%2Fv2%2Fcomments&post=226035"}],"version-history":[{"count":1,"href":"https:\/\/diarioregionaldigital.com.br\/index.php?rest_route=\/wp\/v2\/posts\/226035\/revisions"}],"predecessor-version":[{"id":226036,"href":"https:\/\/diarioregionaldigital.com.br\/index.php?rest_route=\/wp\/v2\/posts\/226035\/revisions\/226036"}],"wp:attachment":[{"href":"https:\/\/diarioregionaldigital.com.br\/index.php?rest_route=%2Fwp%2Fv2%2Fmedia&parent=226035"}],"wp:term":[{"taxonomy":"category","embeddable":true,"href":"https:\/\/diarioregionaldigital.com.br\/index.php?rest_route=%2Fwp%2Fv2%2Fcategories&post=226035"},{"taxonomy":"post_tag","embeddable":true,"href":"https:\/\/diarioregionaldigital.com.br\/index.php?rest_route=%2Fwp%2Fv2%2Ftags&post=226035"}],"curies":[{"name":"wp","href":"https:\/\/api.w.org\/{rel}","templated":true}]}}