{"id":226031,"date":"2024-12-19T20:43:18","date_gmt":"2024-12-19T23:43:18","guid":{"rendered":"https:\/\/diarioregionaldigital.com.br\/?p=226031"},"modified":"2024-12-19T20:43:18","modified_gmt":"2024-12-19T23:43:18","slug":"brilha-jf-praca-nilo-sotto-maior-no-bairro-santo-antonio-recebe-iluminacao-led","status":"publish","type":"post","link":"https:\/\/diarioregionaldigital.com.br\/?p=226031","title":{"rendered":"Brilha, JF! Pra\u00e7a Nilo Sotto Maior, no bairro Santo Ant\u00f4nio, recebe ilumina\u00e7\u00e3o LED"},"content":{"rendered":"<p>Segundo informa\u00e7\u00f5es do site da Prefeitura de Juiz de Fora (PJF), a PJF segue iluminando os caminhos e os espa\u00e7os da cidade. Agora, foi a vez da pra\u00e7a Nilo Sotto Maior, no bairro Santo Ant\u00f4nio, ficar brilhando. As equipes do\u00a0\u00a0Departamento de Ilumina\u00e7\u00e3o P\u00fablica da Empresa Municipal de Pavimenta\u00e7\u00e3o e Urbanidades (Empav) realizaram a implanta\u00e7\u00e3o de lumin\u00e1rias LED em todo o espa\u00e7o.<br \/>\nAl\u00e9m de mais econ\u00f4mico, o LED proporciona uma ilumina\u00e7\u00e3o mais n\u00edtida e uniforme, aumentando a sensa\u00e7\u00e3o de seguran\u00e7a e o conforto visual de todos e todas que utilizam a pra\u00e7a.<br \/>\nVale lembrar que todos os trabalhos de zeladoria do munic\u00edpio fazem parte do Programa Boniteza. A programa\u00e7\u00e3o completa das atividades realizadas pela PJF pode ser consultada atrav\u00e9s da p\u00e1gina do Gabinete, pelo<a href=\"https:\/\/www.pjf.mg.gov.br\/gabinetecomunitario\/#onde\" target=\"_blank\" rel=\"noopener\">\u00a0link<\/a>.<\/p>\n","protected":false},"excerpt":{"rendered":"<p>Segundo informa\u00e7\u00f5es do site da Prefeitura de Juiz de Fora (PJF), a PJF segue iluminando os caminhos e os espa\u00e7os da cidade. Agora, foi a vez da pra\u00e7a Nilo Sotto Maior, no bairro Santo Ant\u00f4nio, ficar brilhando. As equipes do\u00a0\u00a0Departamento de Ilumina\u00e7\u00e3o P\u00fablica da Empresa Municipal de Pavimenta\u00e7\u00e3o e Urbanidades (Empav) realizaram a implanta\u00e7\u00e3o de [&hellip;]<\/p>\n","protected":false},"author":246,"featured_media":226032,"comment_status":"closed","ping_status":"closed","sticky":false,"template":"","format":"standard","meta":{"footnotes":""},"categories":[253,436,439],"tags":[],"class_list":["post-226031","post","type-post","status-publish","format-standard","has-post-thumbnail","hentry","category-cidade","category-destaque-da-semana","category-ultima-hora"],"_links":{"self":[{"href":"https:\/\/diarioregionaldigital.com.br\/index.php?rest_route=\/wp\/v2\/posts\/226031","targetHints":{"allow":["GET"]}}],"collection":[{"href":"https:\/\/diarioregionaldigital.com.br\/index.php?rest_route=\/wp\/v2\/posts"}],"about":[{"href":"https:\/\/diarioregionaldigital.com.br\/index.php?rest_route=\/wp\/v2\/types\/post"}],"author":[{"embeddable":true,"href":"https:\/\/diarioregionaldigital.com.br\/index.php?rest_route=\/wp\/v2\/users\/246"}],"replies":[{"embeddable":true,"href":"https:\/\/diarioregionaldigital.com.br\/index.php?rest_route=%2Fwp%2Fv2%2Fcomments&post=226031"}],"version-history":[{"count":1,"href":"https:\/\/diarioregionaldigital.com.br\/index.php?rest_route=\/wp\/v2\/posts\/226031\/revisions"}],"predecessor-version":[{"id":226033,"href":"https:\/\/diarioregionaldigital.com.br\/index.php?rest_route=\/wp\/v2\/posts\/226031\/revisions\/226033"}],"wp:featuredmedia":[{"embeddable":true,"href":"https:\/\/diarioregionaldigital.com.br\/index.php?rest_route=\/wp\/v2\/media\/226032"}],"wp:attachment":[{"href":"https:\/\/diarioregionaldigital.com.br\/index.php?rest_route=%2Fwp%2Fv2%2Fmedia&parent=226031"}],"wp:term":[{"taxonomy":"category","embeddable":true,"href":"https:\/\/diarioregionaldigital.com.br\/index.php?rest_route=%2Fwp%2Fv2%2Fcategories&post=226031"},{"taxonomy":"post_tag","embeddable":true,"href":"https:\/\/diarioregionaldigital.com.br\/index.php?rest_route=%2Fwp%2Fv2%2Ftags&post=226031"}],"curies":[{"name":"wp","href":"https:\/\/api.w.org\/{rel}","templated":true}]}}