{"id":226028,"date":"2024-12-19T20:42:27","date_gmt":"2024-12-19T23:42:27","guid":{"rendered":"https:\/\/diarioregionaldigital.com.br\/?p=226028"},"modified":"2024-12-19T20:42:27","modified_gmt":"2024-12-19T23:42:27","slug":"recomposicao-asfaltica-pjf-atende-mais-de-40-bairros-em-quatro-dias","status":"publish","type":"post","link":"https:\/\/diarioregionaldigital.com.br\/?p=226028","title":{"rendered":"Recomposi\u00e7\u00e3o asf\u00e1ltica: PJF atende mais de 40 bairros em quatro dias"},"content":{"rendered":"<p>Segundo informa\u00e7\u00f5es do site da Prefeitura de Juiz de Fora (PJF), a PJF segue com seus trabalhos por toda a cidade. Entre segunda-feira, 16, e esta quinta-feira, 19, as equipes da Empresa Municipal de Pavimenta\u00e7\u00e3o e Urbanidades (Empav) atenderam a 43 bairros com os servi\u00e7os de recomposi\u00e7\u00e3o asf\u00e1ltica. Ao todo, cerca de 600 toneladas de massa asf\u00e1ltica foram aplicadas.<\/p>\n<p>&nbsp;<\/p>\n<p>Dentre as vias contempladas, destaque para as avenidas Doutor Bezerra de Menezes, no Nova Era, e Oleg\u00e1rio Maciel, no bairro Santa Helena, al\u00e9m da estrada de acesso \u00e0 Paula Lima. Os trabalhos realizados garantem mais seguran\u00e7a, conforto e fluidez no tr\u00e2nsito, melhorando o tr\u00e1fego de pessoas e ve\u00edculos.<\/p>\n<p>&nbsp;<\/p>\n<p><strong>Confira a lista completa de bairros atendidos:<\/strong><\/p>\n<p>&nbsp;<\/p>\n<p>Aeroporto<\/p>\n<p>&nbsp;<\/p>\n<p>Barbosa Lage<\/p>\n<p>&nbsp;<\/p>\n<p>Barreira do Triunfo<\/p>\n<p>&nbsp;<\/p>\n<p>Bom Clima<\/p>\n<p>&nbsp;<\/p>\n<p>Bom Pastor<\/p>\n<p>&nbsp;<\/p>\n<p>Bonsucesso<\/p>\n<p>&nbsp;<\/p>\n<p>Campo Alegre<\/p>\n<p>&nbsp;<\/p>\n<p>Carlos Chagas<\/p>\n<p>&nbsp;<\/p>\n<p>Centro<\/p>\n<p>&nbsp;<\/p>\n<p>Dias Tavares<\/p>\n<p>&nbsp;<\/p>\n<p>Dom Bosco<\/p>\n<p>&nbsp;<\/p>\n<p>Estrela Sul<\/p>\n<p>&nbsp;<\/p>\n<p>F\u00e1brica<\/p>\n<p>&nbsp;<\/p>\n<p>Francisco Bernardino<\/p>\n<p>&nbsp;<\/p>\n<p>Graja\u00fa<\/p>\n<p>&nbsp;<\/p>\n<p>Graminha<\/p>\n<p>&nbsp;<\/p>\n<p>Granjas Guaruj\u00e1<\/p>\n<p>&nbsp;<\/p>\n<p>Jardim de Al\u00e1<\/p>\n<p>&nbsp;<\/p>\n<p>Jardim Gl\u00f3ria<\/p>\n<p>&nbsp;<\/p>\n<p>J\u00f3quei Clube<\/p>\n<p>&nbsp;<\/p>\n<p>J\u00f3quei Clube II<\/p>\n<p>&nbsp;<\/p>\n<p>Linhares<\/p>\n<p>&nbsp;<\/p>\n<p>Maril\u00e2ndia<\/p>\n<p>&nbsp;<\/p>\n<p>Marumbi<\/p>\n<p>&nbsp;<\/p>\n<p>Milho Branco<\/p>\n<p>&nbsp;<\/p>\n<p>Monte Castelo<\/p>\n<p>&nbsp;<\/p>\n<p>Morro da Gl\u00f3ria<\/p>\n<p>&nbsp;<\/p>\n<p>Nova Calif\u00f3rnia<\/p>\n<p>&nbsp;<\/p>\n<p>Nova Era<\/p>\n<p>&nbsp;<\/p>\n<p>Novo Horizonte<\/p>\n<p>&nbsp;<\/p>\n<p>Paula Lima<\/p>\n<p>&nbsp;<\/p>\n<p>Po\u00e7o Rico<\/p>\n<p>&nbsp;<\/p>\n<p>Retiro<\/p>\n<p>&nbsp;<\/p>\n<p>Santa Cruz<\/p>\n<p>&nbsp;<\/p>\n<p>Santa Efig\u00eania<\/p>\n<p>&nbsp;<\/p>\n<p>Santa Helena<\/p>\n<p>&nbsp;<\/p>\n<p>Santa Luzia<\/p>\n<p>&nbsp;<\/p>\n<p>Santa Rita<\/p>\n<p>&nbsp;<\/p>\n<p>Santos Anjos<\/p>\n<p>&nbsp;<\/p>\n<p>S\u00e3o Bernardo<\/p>\n<p>&nbsp;<\/p>\n<p>S\u00e3o Mateus<\/p>\n<p>&nbsp;<\/p>\n<p>Tr\u00eas Moinhos<\/p>\n<p>&nbsp;<\/p>\n<p>Vitorino Braga<\/p>\n<p>&nbsp;<\/p>\n<p>As a\u00e7\u00f5es seguem em andamento na cidade e a programa\u00e7\u00e3o di\u00e1ria completa pode ser conferida na p\u00e1gina do Gabinete de A\u00e7\u00e3o e Di\u00e1logo Comunit\u00e1rio atrav\u00e9s do\u00a0<a href=\"https:\/\/www.pjf.mg.gov.br\/gabinetecomunitario\/#onde\"><strong>link<\/strong><\/a>. Para solicitar servi\u00e7os de zeladoria em vias p\u00fablicas, como tapa-buracos, poda e corte de \u00e1rvores, limpeza de pra\u00e7as, trocas de l\u00e2mpada e outros, entre em contato com o Gabinete de A\u00e7\u00e3o e Di\u00e1logo Comunit\u00e1rio, atrav\u00e9s do telefone (32) 3690-7241 (liga\u00e7\u00e3o ou WhatsApp).<\/p>\n","protected":false},"excerpt":{"rendered":"<p>Segundo informa\u00e7\u00f5es do site da Prefeitura de Juiz de Fora (PJF), a PJF segue com seus trabalhos por toda a cidade. Entre segunda-feira, 16, e esta quinta-feira, 19, as equipes da Empresa Municipal de Pavimenta\u00e7\u00e3o e Urbanidades (Empav) atenderam a 43 bairros com os servi\u00e7os de recomposi\u00e7\u00e3o asf\u00e1ltica. Ao todo, cerca de 600 toneladas de [&hellip;]<\/p>\n","protected":false},"author":246,"featured_media":226029,"comment_status":"closed","ping_status":"closed","sticky":false,"template":"","format":"standard","meta":{"footnotes":""},"categories":[253,436,440,439],"tags":[],"class_list":["post-226028","post","type-post","status-publish","format-standard","has-post-thumbnail","hentry","category-cidade","category-destaque-da-semana","category-destaques-do-dia","category-ultima-hora"],"_links":{"self":[{"href":"https:\/\/diarioregionaldigital.com.br\/index.php?rest_route=\/wp\/v2\/posts\/226028","targetHints":{"allow":["GET"]}}],"collection":[{"href":"https:\/\/diarioregionaldigital.com.br\/index.php?rest_route=\/wp\/v2\/posts"}],"about":[{"href":"https:\/\/diarioregionaldigital.com.br\/index.php?rest_route=\/wp\/v2\/types\/post"}],"author":[{"embeddable":true,"href":"https:\/\/diarioregionaldigital.com.br\/index.php?rest_route=\/wp\/v2\/users\/246"}],"replies":[{"embeddable":true,"href":"https:\/\/diarioregionaldigital.com.br\/index.php?rest_route=%2Fwp%2Fv2%2Fcomments&post=226028"}],"version-history":[{"count":1,"href":"https:\/\/diarioregionaldigital.com.br\/index.php?rest_route=\/wp\/v2\/posts\/226028\/revisions"}],"predecessor-version":[{"id":226030,"href":"https:\/\/diarioregionaldigital.com.br\/index.php?rest_route=\/wp\/v2\/posts\/226028\/revisions\/226030"}],"wp:featuredmedia":[{"embeddable":true,"href":"https:\/\/diarioregionaldigital.com.br\/index.php?rest_route=\/wp\/v2\/media\/226029"}],"wp:attachment":[{"href":"https:\/\/diarioregionaldigital.com.br\/index.php?rest_route=%2Fwp%2Fv2%2Fmedia&parent=226028"}],"wp:term":[{"taxonomy":"category","embeddable":true,"href":"https:\/\/diarioregionaldigital.com.br\/index.php?rest_route=%2Fwp%2Fv2%2Fcategories&post=226028"},{"taxonomy":"post_tag","embeddable":true,"href":"https:\/\/diarioregionaldigital.com.br\/index.php?rest_route=%2Fwp%2Fv2%2Ftags&post=226028"}],"curies":[{"name":"wp","href":"https:\/\/api.w.org\/{rel}","templated":true}]}}