{"id":226022,"date":"2024-12-19T20:36:18","date_gmt":"2024-12-19T23:36:18","guid":{"rendered":"https:\/\/diarioregionaldigital.com.br\/?p=226022"},"modified":"2024-12-19T20:36:18","modified_gmt":"2024-12-19T23:36:18","slug":"governo-do-estado-promove-evento-para-fortalecer-projetos-com-apoio-da-lei-de-incentivo-ao-esporte","status":"publish","type":"post","link":"https:\/\/diarioregionaldigital.com.br\/?p=226022","title":{"rendered":"Governo do Estado promove evento para fortalecer projetos com apoio da Lei de Incentivo ao Esporte"},"content":{"rendered":"<p>O\u00a0<a href=\"https:\/\/www.mg.gov.br\/\" target=\"_blank\" rel=\"noopener\">Governo de Minas<\/a>, por meio da\u00a0<a href=\"https:\/\/social.mg.gov.br\/\" target=\"_blank\" rel=\"noopener\">Secretaria de Estado de Desenvolvimento Social (Sedese)<\/a>\u00a0e em parceria\u00a0<a href=\"https:\/\/www.cemig.com.br\/\" target=\"_blank\" rel=\"noopener\">Cemig<\/a>, promoveu, nessa quarta-feira (18\/12), o semin\u00e1rio Com Esporte, em Belo Horizonte.<\/p>\n<p>O evento reuniu empresas e institui\u00e7\u00f5es sem fins lucrativos para debater como ampliar o financiamento de iniciativas esportivas, com foco na inclus\u00e3o social e no fortalecimento do esporte no estado.<\/p>\n<p>O encontro teve como objetivo estimular o debate sobre a Lei de Incentivo ao Esporte (LIE) e explorar formas de ampliar os recursos para projetos sociais e educacionais no esporte.<\/p>\n<p>A secret\u00e1ria de Estado de Desenvolvimento Social, Al\u00ea Portela, destacou a relev\u00e2ncia da legisla\u00e7\u00e3o para o desenvolvimento social e esportivo em Minas. \u201cA Lei de Incentivo \u00e9 uma ferramenta poderosa para transformar vidas, promovendo oportunidades e fortalecendo o esporte em diversas frentes\u201d, disse.<\/p>\n<p><strong>Avan\u00e7o para Minas<\/strong><\/p>\n<p>A Lei de Incentivo ao Esporte, que permite o repasse de parte do Imposto sobre Circula\u00e7\u00e3o de Mercadorias e Servi\u00e7os (ICMS) para financiar projetos esportivos, tem se consolidado como uma ferramenta essencial do Governo de Minas para o desenvolvimento de iniciativas de inclus\u00e3o e bem-estar social no estado.<\/p>\n<p>Desde 2024, a lei arrecadou R$ 26,5 milh\u00f5es, beneficiando mais de 22 mil pessoas por meio de 101 projetos. Com a amplia\u00e7\u00e3o da legisla\u00e7\u00e3o, sancionada pelo governo, o limite de capta\u00e7\u00e3o foi praticamente triplicado, permitindo que os projetos contem com at\u00e9 R$ 80 milh\u00f5es em recursos a partir de 2025. Esse aumento representa uma amplia\u00e7\u00e3o significativa no impacto social e esportivo em Minas.<\/p>\n<p>Na abertura do semin\u00e1rio, o subsecret\u00e1rio de Esportes, Tom\u00e1s Mendes, ressaltou a import\u00e2ncia da Lei de Incentivo ao Esporte, um dos maiores avan\u00e7os do Governo de Minas Gerais no apoio ao setor esportivo.<\/p>\n<p>&#8220;O esporte em Minas caminha para um desenvolvimento cont\u00ednuo. A amplia\u00e7\u00e3o da nossa Lei de Incentivo ao Esporte \u00e9 uma conquista significativa. Em 2025, estaremos ainda mais pr\u00f3ximos dos clubes e projetos, levando mais recursos e oportunidades para todos&#8221;, enfatizou Mendes.<\/p>\n<p><strong>Parcerias<\/strong><\/p>\n<p>O semin\u00e1rio contou com pain\u00e9is que abordaram temas como empresas incentivadoras, projetos de sucesso e oportunidades de financiamento. Especialistas e representantes de empresas e institui\u00e7\u00f5es trocaram experi\u00eancias sobre como as parcerias entre o setor p\u00fablico e privado podem fortalecer ainda mais o esporte no estado.<\/p>\n<p>Rafael Sanches, coordenador de projetos de lei de incentivo da Cemig, apresentou os resultados dos seis anos de apoio da empresa aos projetos esportivos.<\/p>\n<p>&#8220;Foram R$ 45 milh\u00f5es investidos, em cem projetos, beneficiando 30 mil crian\u00e7as e adolescentes&#8221;, afirmou. O coordenador destacou que as iniciativas t\u00eam foco no esporte social e educacional, fortalecendo valores como o relacionamento familiar e o desenvolvimento social.<strong>mpacto<\/strong><\/p>\n<p>O semin\u00e1rio tamb\u00e9m ressaltou o papel fundamental das parcerias p\u00fablico-privadas para viabilizar projetos que atendem a milhares de crian\u00e7as e adolescentes em Minas Gerais.<\/p>\n<p>O diretor da Institui\u00e7\u00e3o Natividade, Rafael Diniz, destacou a import\u00e2ncia da colabora\u00e7\u00e3o.<\/p>\n<p>\u201cFoi uma honra participar do evento e da mesa dedicada aos projetos selecionados pelo fundo dos 10% da Lei de Incentivo, que apoia iniciativas em territ\u00f3rios de fragilidade econ\u00f4mica. O brilho nos olhos dos respons\u00e1veis mostrou que o recurso chegou ao lugar certo. O evento evidenciou o compromisso do Governo de Minas em humanizar as a\u00e7\u00f5es p\u00fablicas e tornar as pol\u00edticas esportivas verdadeiramente transformadoras\u201d, ressaltou.<\/p>\n<p>Fonte: Ag\u00eancia Minas<\/p>\n","protected":false},"excerpt":{"rendered":"<p>O\u00a0Governo de Minas, por meio da\u00a0Secretaria de Estado de Desenvolvimento Social (Sedese)\u00a0e em parceria\u00a0Cemig, promoveu, nessa quarta-feira (18\/12), o semin\u00e1rio Com Esporte, em Belo Horizonte. O evento reuniu empresas e institui\u00e7\u00f5es sem fins lucrativos para debater como ampliar o financiamento de iniciativas esportivas, com foco na inclus\u00e3o social e no fortalecimento do esporte no estado. [&hellip;]<\/p>\n","protected":false},"author":246,"featured_media":226023,"comment_status":"closed","ping_status":"closed","sticky":false,"template":"","format":"standard","meta":{"footnotes":""},"categories":[436,440,261,257,254,439],"tags":[],"class_list":["post-226022","post","type-post","status-publish","format-standard","has-post-thumbnail","hentry","category-destaque-da-semana","category-destaques-do-dia","category-economia","category-esporte","category-politica","category-ultima-hora"],"_links":{"self":[{"href":"https:\/\/diarioregionaldigital.com.br\/index.php?rest_route=\/wp\/v2\/posts\/226022","targetHints":{"allow":["GET"]}}],"collection":[{"href":"https:\/\/diarioregionaldigital.com.br\/index.php?rest_route=\/wp\/v2\/posts"}],"about":[{"href":"https:\/\/diarioregionaldigital.com.br\/index.php?rest_route=\/wp\/v2\/types\/post"}],"author":[{"embeddable":true,"href":"https:\/\/diarioregionaldigital.com.br\/index.php?rest_route=\/wp\/v2\/users\/246"}],"replies":[{"embeddable":true,"href":"https:\/\/diarioregionaldigital.com.br\/index.php?rest_route=%2Fwp%2Fv2%2Fcomments&post=226022"}],"version-history":[{"count":1,"href":"https:\/\/diarioregionaldigital.com.br\/index.php?rest_route=\/wp\/v2\/posts\/226022\/revisions"}],"predecessor-version":[{"id":226024,"href":"https:\/\/diarioregionaldigital.com.br\/index.php?rest_route=\/wp\/v2\/posts\/226022\/revisions\/226024"}],"wp:featuredmedia":[{"embeddable":true,"href":"https:\/\/diarioregionaldigital.com.br\/index.php?rest_route=\/wp\/v2\/media\/226023"}],"wp:attachment":[{"href":"https:\/\/diarioregionaldigital.com.br\/index.php?rest_route=%2Fwp%2Fv2%2Fmedia&parent=226022"}],"wp:term":[{"taxonomy":"category","embeddable":true,"href":"https:\/\/diarioregionaldigital.com.br\/index.php?rest_route=%2Fwp%2Fv2%2Fcategories&post=226022"},{"taxonomy":"post_tag","embeddable":true,"href":"https:\/\/diarioregionaldigital.com.br\/index.php?rest_route=%2Fwp%2Fv2%2Ftags&post=226022"}],"curies":[{"name":"wp","href":"https:\/\/api.w.org\/{rel}","templated":true}]}}