{"id":226019,"date":"2024-12-19T20:35:06","date_gmt":"2024-12-19T23:35:06","guid":{"rendered":"https:\/\/diarioregionaldigital.com.br\/?p=226019"},"modified":"2024-12-19T20:35:06","modified_gmt":"2024-12-19T23:35:06","slug":"governo-de-minas-e-cemig-anunciam-a-programacao-da-virada-da-liberdade-2024-2025-em-bh","status":"publish","type":"post","link":"https:\/\/diarioregionaldigital.com.br\/?p=226019","title":{"rendered":"Governo de Minas e Cemig anunciam a programa\u00e7\u00e3o da Virada da Liberdade 2024\/2025 em BH"},"content":{"rendered":"<p>Uma grande festa com shows, DJs, interven\u00e7\u00f5es art\u00edsticas, videomapping e espet\u00e1culo de drones ser\u00e1 promovida na Virada da Liberdade 2024\/2025. Em sua terceira edi\u00e7\u00e3o, a programa\u00e7\u00e3o gratuita, que acontecer\u00e1 no dia 31\/12 no Circuito Liberdade foi lan\u00e7ada na manh\u00e3 desta quinta-feira (19\/12), no Pal\u00e1cio da Liberdade.<\/p>\n<p>A iniciativa \u00e9 do\u00a0<a href=\"https:\/\/www.mg.gov.br\/\" target=\"_blank\" rel=\"noopener\">Governo de Minas<\/a>, por meio da\u00a0<a href=\"https:\/\/www.secult.mg.gov.br\/\" target=\"_blank\" rel=\"noopener\">Secretaria de Estado de Cultura e Turismo<\/a>\u00a0e da\u00a0<a href=\"https:\/\/fcs.mg.gov.br\/\" target=\"_blank\" rel=\"noopener\">Funda\u00e7\u00e3o Cl\u00f3vis Salgado<\/a>, com patroc\u00ednio da\u00a0<a href=\"https:\/\/www.cemig.com.br\/\" target=\"_blank\" rel=\"noopener\">Companhia Energ\u00e9tica de Minas Gerais (Cemig)<\/a>\u00a0e apoio da C\u00e2mara de Dirigentes Lojistas de BH (CDL\/BH).<\/p>\n<p>A Virada da Liberdade celebra a chegada do Ano Novo e posiciona Belo Horizonte como um dos principais destinos de fim de ano do pa\u00eds. \u201cN\u00f3s passamos a virada de ano celebrando a nossa cultura, o que n\u00f3s somos diferentes em rela\u00e7\u00e3o aos outros lugares, e \u00e9 isso que faz a Virada da Liberdade ser um sucesso assim como o Natal da Mineiridade\u201d, comemorou o presidente da Funda\u00e7\u00e3o Cl\u00f3vis Salgado, S\u00e9rgio Rodrigo Reis.<\/p>\n<p>O projeto destaca a diversidade cultural mineira, a partir das artes visuais, da m\u00fasica, da dan\u00e7a e da nossa cozinha, atraindo mais visitantes para Belo Horizonte e para o Circuito Liberdade. \u201cO evento consolida a Pra\u00e7a da Liberdade como s\u00edmbolo da nossa tradi\u00e7\u00e3o e da nossa mineiridade e como o principal espa\u00e7o p\u00fablico para festas de fim de ano da nossa capital. Ficamos muito felizes de ver as fam\u00edlias e a popula\u00e7\u00e3o de Belo Horizonte participando desse espa\u00e7o\u201d, acrescentou a gerente de comunica\u00e7\u00e3o da Cemig, Hannah Drummond.<\/p>\n<p>A festa que j\u00e1 se inseriu no calend\u00e1rio da cidade tamb\u00e9m contribui para aquecer o com\u00e9rcio e estimular a gera\u00e7\u00e3o de emprego e renda. \u201cNossa expectativa \u00e9 que, neste m\u00eas, as festividades gerem um incremento de R$ 2,5 bilh\u00f5es na nossa economia, um valor significativo que \u00e9 revertido em manuten\u00e7\u00e3o de postos de trabalho, circula\u00e7\u00e3o de renda e boas perspectivas para o pr\u00f3ximo ano\u201d, pontuou a superintendente institucional na CDL\/BH, Lidiane Rosenburg Tostes.<\/p>\n<p>A Virada da Liberdade conta com a realiza\u00e7\u00e3o e dire\u00e7\u00e3o geral da Nossa Senhora das Produ\u00e7\u00f5es e curadoria de drones promovida pela Festa da Luz.<\/p>\n<p><strong>Shows da Virada da Liberdade<\/strong><\/p>\n<p>O evento contar\u00e1 com dois palcos principais. No Palco Gerais, a programa\u00e7\u00e3o come\u00e7a \u00e0s 19h, com Mary Pops, seguida de show de Iza Sabino e Orquestra Gafieira Etc &amp; Tal, finalizando com a Percuss\u00e3o Circular. Nos intervalos o agito fica por conta da DJ Ed @bsurda.<\/p>\n<p>J\u00e1 no Palco Minas, a festa ter\u00e1 in\u00edcio com o grupo Congadar, \u00e0s 19h. Em seguida, quem comanda \u00e9 o Samba Clube de Thiago Delegado. A festa continua com a banda do bloco Chama o S\u00edndico. Na sequ\u00eancia, o rapper FBC vai mostrar sua mistura \u00fanica de hip-hop e house. Nos intervalos, a DJ Black Josie mant\u00e9m a vibra\u00e7\u00e3o do p\u00fablico.<\/p>\n<p>Nas Alamedas, apresenta\u00e7\u00f5es com o Bloquim DuBem, \u00e0s 18h. Em seguida, ser\u00e1 a apresenta\u00e7\u00e3o do Bloco Afro Magia Negra. Os grupos Afox\u00e9 Ill\u00e9 Odara e Estagi\u00e1rios Brass Band assumem o palco na sequ\u00eancia. No Lounge Iepha, o DJ Krioka comanda a pick-up das 19h \u00e0s 23h30.<\/p>\n<p><strong>Show de drones e videomapping<\/strong><\/p>\n<p>Uma das grandes atra\u00e7\u00f5es ser\u00e1 um deslumbrante show de drones, que iluminar\u00e1 o c\u00e9u de Belo Horizonte com uma performance in\u00e9dita com 400 drones e 15 forma\u00e7\u00f5es de imagem.<\/p>\n<p>Al\u00e9m disso, o artista digital Homem Gaiola (Rafael Can\u00e7ado) realizar\u00e1 uma performance audiovisual \u00fanica, criando imagens e proje\u00e7\u00f5es com influ\u00eancia da cultura afro-brasileira.<\/p>\n<p>Fonte: Ag\u00eancia Minas<\/p>\n","protected":false},"excerpt":{"rendered":"<p>Uma grande festa com shows, DJs, interven\u00e7\u00f5es art\u00edsticas, videomapping e espet\u00e1culo de drones ser\u00e1 promovida na Virada da Liberdade 2024\/2025. Em sua terceira edi\u00e7\u00e3o, a programa\u00e7\u00e3o gratuita, que acontecer\u00e1 no dia 31\/12 no Circuito Liberdade foi lan\u00e7ada na manh\u00e3 desta quinta-feira (19\/12), no Pal\u00e1cio da Liberdade. A iniciativa \u00e9 do\u00a0Governo de Minas, por meio da\u00a0Secretaria [&hellip;]<\/p>\n","protected":false},"author":246,"featured_media":226020,"comment_status":"closed","ping_status":"closed","sticky":false,"template":"","format":"standard","meta":{"footnotes":""},"categories":[436,440,261,254,252,439],"tags":[],"class_list":["post-226019","post","type-post","status-publish","format-standard","has-post-thumbnail","hentry","category-destaque-da-semana","category-destaques-do-dia","category-economia","category-politica","category-regiao","category-ultima-hora"],"_links":{"self":[{"href":"https:\/\/diarioregionaldigital.com.br\/index.php?rest_route=\/wp\/v2\/posts\/226019","targetHints":{"allow":["GET"]}}],"collection":[{"href":"https:\/\/diarioregionaldigital.com.br\/index.php?rest_route=\/wp\/v2\/posts"}],"about":[{"href":"https:\/\/diarioregionaldigital.com.br\/index.php?rest_route=\/wp\/v2\/types\/post"}],"author":[{"embeddable":true,"href":"https:\/\/diarioregionaldigital.com.br\/index.php?rest_route=\/wp\/v2\/users\/246"}],"replies":[{"embeddable":true,"href":"https:\/\/diarioregionaldigital.com.br\/index.php?rest_route=%2Fwp%2Fv2%2Fcomments&post=226019"}],"version-history":[{"count":1,"href":"https:\/\/diarioregionaldigital.com.br\/index.php?rest_route=\/wp\/v2\/posts\/226019\/revisions"}],"predecessor-version":[{"id":226021,"href":"https:\/\/diarioregionaldigital.com.br\/index.php?rest_route=\/wp\/v2\/posts\/226019\/revisions\/226021"}],"wp:featuredmedia":[{"embeddable":true,"href":"https:\/\/diarioregionaldigital.com.br\/index.php?rest_route=\/wp\/v2\/media\/226020"}],"wp:attachment":[{"href":"https:\/\/diarioregionaldigital.com.br\/index.php?rest_route=%2Fwp%2Fv2%2Fmedia&parent=226019"}],"wp:term":[{"taxonomy":"category","embeddable":true,"href":"https:\/\/diarioregionaldigital.com.br\/index.php?rest_route=%2Fwp%2Fv2%2Fcategories&post=226019"},{"taxonomy":"post_tag","embeddable":true,"href":"https:\/\/diarioregionaldigital.com.br\/index.php?rest_route=%2Fwp%2Fv2%2Ftags&post=226019"}],"curies":[{"name":"wp","href":"https:\/\/api.w.org\/{rel}","templated":true}]}}