{"id":226009,"date":"2024-12-18T22:40:56","date_gmt":"2024-12-19T01:40:56","guid":{"rendered":"https:\/\/diarioregionaldigital.com.br\/?p=226009"},"modified":"2024-12-18T22:40:56","modified_gmt":"2024-12-19T01:40:56","slug":"ginasio-municipal-recebe-o-confronto-entre-jf-volei-e-apade-no-sabado-21","status":"publish","type":"post","link":"https:\/\/diarioregionaldigital.com.br\/?p=226009","title":{"rendered":"Gin\u00e1sio Municipal recebe o confronto entre JF V\u00f4lei e Apade no s\u00e1bado, 21"},"content":{"rendered":"<p>Segundo informa\u00e7\u00f5es do site da Prefeitura de Juiz de Fora (PJF), promissor o in\u00edcio do JF V\u00f4lei na Superliga B, com dois jogos e duas vit\u00f3rias por 3 sets a 0. Com a vit\u00f3ria a equipe de Juiz de Fora est\u00e1 com 6 pontos em dois jogos, assumindo o terceiro lugar do campeonato. Neste s\u00e1bado, 21, \u00e0s 20h, no Gin\u00e1sio Municipal Jornalista Ant\u00f4nio Marcos, o JF V\u00f4lei enfrenta\u00a0 a equipe do Apade V\u00f4lei. Esse \u00e9 o \u00faltimo confronto das equipes em 2024. Os ingressos est\u00e3o sendo vendidos de forma digital\u00a0<a href=\"https:\/\/www.instagram.com\/jfvolei\/\"><strong>no instagram do JF V\u00f4lei<\/strong><\/a><strong>\u00a0<\/strong>e haver\u00e1 venda no dia do jogo, no gin\u00e1sio.<\/p>\n<p>Em junho de 2023, a Companhia de Saneamento Municipal (Cesama) da Prefeitura de Juiz de Fora (PJF) firmou patroc\u00ednio para o projeto JF V\u00f4lei. O valor acertado do patroc\u00ednio foi de R$ 700 mil por dois anos. A parceria entre a Cesama e a Associa\u00e7\u00e3o de Ensino e Pesquisa em Esporte e Lazer (Asepel), coordenadora do projeto JF V\u00f4lei, tem como objetivo principal oferecer condi\u00e7\u00f5es t\u00e9cnicas e infraestrutura para a equipe de voleibol masculino do JF V\u00f4lei, a fim de desenvolver seu potencial esportivo e representar Juiz de Fora na Superliga e no Campeonato Mineiro de Voleibol nesses dois anos.<\/p>\n","protected":false},"excerpt":{"rendered":"<p>Segundo informa\u00e7\u00f5es do site da Prefeitura de Juiz de Fora (PJF), promissor o in\u00edcio do JF V\u00f4lei na Superliga B, com dois jogos e duas vit\u00f3rias por 3 sets a 0. Com a vit\u00f3ria a equipe de Juiz de Fora est\u00e1 com 6 pontos em dois jogos, assumindo o terceiro lugar do campeonato. Neste s\u00e1bado, [&hellip;]<\/p>\n","protected":false},"author":246,"featured_media":226010,"comment_status":"closed","ping_status":"closed","sticky":false,"template":"","format":"standard","meta":{"footnotes":""},"categories":[253,436,440,257,439],"tags":[],"class_list":["post-226009","post","type-post","status-publish","format-standard","has-post-thumbnail","hentry","category-cidade","category-destaque-da-semana","category-destaques-do-dia","category-esporte","category-ultima-hora"],"_links":{"self":[{"href":"https:\/\/diarioregionaldigital.com.br\/index.php?rest_route=\/wp\/v2\/posts\/226009","targetHints":{"allow":["GET"]}}],"collection":[{"href":"https:\/\/diarioregionaldigital.com.br\/index.php?rest_route=\/wp\/v2\/posts"}],"about":[{"href":"https:\/\/diarioregionaldigital.com.br\/index.php?rest_route=\/wp\/v2\/types\/post"}],"author":[{"embeddable":true,"href":"https:\/\/diarioregionaldigital.com.br\/index.php?rest_route=\/wp\/v2\/users\/246"}],"replies":[{"embeddable":true,"href":"https:\/\/diarioregionaldigital.com.br\/index.php?rest_route=%2Fwp%2Fv2%2Fcomments&post=226009"}],"version-history":[{"count":1,"href":"https:\/\/diarioregionaldigital.com.br\/index.php?rest_route=\/wp\/v2\/posts\/226009\/revisions"}],"predecessor-version":[{"id":226011,"href":"https:\/\/diarioregionaldigital.com.br\/index.php?rest_route=\/wp\/v2\/posts\/226009\/revisions\/226011"}],"wp:featuredmedia":[{"embeddable":true,"href":"https:\/\/diarioregionaldigital.com.br\/index.php?rest_route=\/wp\/v2\/media\/226010"}],"wp:attachment":[{"href":"https:\/\/diarioregionaldigital.com.br\/index.php?rest_route=%2Fwp%2Fv2%2Fmedia&parent=226009"}],"wp:term":[{"taxonomy":"category","embeddable":true,"href":"https:\/\/diarioregionaldigital.com.br\/index.php?rest_route=%2Fwp%2Fv2%2Fcategories&post=226009"},{"taxonomy":"post_tag","embeddable":true,"href":"https:\/\/diarioregionaldigital.com.br\/index.php?rest_route=%2Fwp%2Fv2%2Ftags&post=226009"}],"curies":[{"name":"wp","href":"https:\/\/api.w.org\/{rel}","templated":true}]}}