{"id":225990,"date":"2024-12-17T20:29:07","date_gmt":"2024-12-17T23:29:07","guid":{"rendered":"https:\/\/diarioregionaldigital.com.br\/?p=225990"},"modified":"2024-12-17T20:29:07","modified_gmt":"2024-12-17T23:29:07","slug":"thiago-maia-leva-premio-fair-play-da-fifa-por-ajuda-em-enchentes-no-rs","status":"publish","type":"post","link":"https:\/\/diarioregionaldigital.com.br\/?p=225990","title":{"rendered":"Thiago Maia leva pr\u00eamio Fair Play da Fifa por ajuda em enchentes no RS"},"content":{"rendered":"<p>O meio-campista Thiago Maia, do Internacional, foi contemplado com o pr\u00eamio Fair Play da Fifa \u2013 pr\u00eamio Fifa The Best Awards &#8211; em cerim\u00f4nia de gala, nesta ter\u00e7a-feira (17), em Doha (Catar). O jogador foi reconhecido pelo trabalho volunt\u00e1rio de ajuda nas enchentes no Rio Grande do Sul, no in\u00edcio do ano. O atleta de 27 anos fez salvamento de pessoas e animais ilhados em Porto Alegre e em cidades da regi\u00e3o metropolitana. O Fifa The Best tamb\u00e9m premiou Vinicius J\u00fanior (melhor jogador do ano), Marta (gol mais bonito), e Guilherme Gandra Moura (torcedor do ano), al\u00e9m da atacante Gabi Portilho (\u00fanica brasileira escolhida para o time ideal feminino).<img decoding=\"async\" src=\"https:\/\/agenciabrasil.ebc.com.br\/ebc.png?id=1624117&amp;o=node\" \/><img decoding=\"async\" src=\"https:\/\/agenciabrasil.ebc.com.br\/ebc.gif?id=1624117&amp;o=node\" \/><\/p>\n<p>Durante a trag\u00e9dia, as imagens de Thiago Maia se atirando na \u00e1gua para resgatar pessoas no telhado, ou em locais de dif\u00edcil acesso, receberam apoio de torcedores n\u00e3o s\u00f3 do Colorado como de outros clubes brasileiros. Um dos v\u00eddeos que viralizou na internet mostrava Thiago Maia carregando uma idosa apoiada em suas costas durante uma opera\u00e7\u00e3o de resgate.<\/p>\n<p>Esta \u00e9 a segunda vez que o pr\u00eamio Fair Play fica com o Brasil: no ano passado, a sele\u00e7\u00e3o canarinho foi contemplada pela campanha antirracismo, ap\u00f3s os ataques sofrido por Vinicius J\u00fanior em partidas na Espanha.<\/p>\n<p>A Fifa concede o pr\u00eamio Fair Play a jogadores, equipes, \u00e1rbitros, t\u00e9cnico ou torcida que tenha demonstrado atitudes exemplares dentro ou fora de campo.<\/p>\n<p>Fonte: Ag\u00eancia Brasil<\/p>\n","protected":false},"excerpt":{"rendered":"<p>O meio-campista Thiago Maia, do Internacional, foi contemplado com o pr\u00eamio Fair Play da Fifa \u2013 pr\u00eamio Fifa The Best Awards &#8211; em cerim\u00f4nia de gala, nesta ter\u00e7a-feira (17), em Doha (Catar). O jogador foi reconhecido pelo trabalho volunt\u00e1rio de ajuda nas enchentes no Rio Grande do Sul, no in\u00edcio do ano. O atleta de [&hellip;]<\/p>\n","protected":false},"author":246,"featured_media":225991,"comment_status":"closed","ping_status":"closed","sticky":false,"template":"","format":"standard","meta":{"footnotes":""},"categories":[436,257,439],"tags":[],"class_list":["post-225990","post","type-post","status-publish","format-standard","has-post-thumbnail","hentry","category-destaque-da-semana","category-esporte","category-ultima-hora"],"_links":{"self":[{"href":"https:\/\/diarioregionaldigital.com.br\/index.php?rest_route=\/wp\/v2\/posts\/225990","targetHints":{"allow":["GET"]}}],"collection":[{"href":"https:\/\/diarioregionaldigital.com.br\/index.php?rest_route=\/wp\/v2\/posts"}],"about":[{"href":"https:\/\/diarioregionaldigital.com.br\/index.php?rest_route=\/wp\/v2\/types\/post"}],"author":[{"embeddable":true,"href":"https:\/\/diarioregionaldigital.com.br\/index.php?rest_route=\/wp\/v2\/users\/246"}],"replies":[{"embeddable":true,"href":"https:\/\/diarioregionaldigital.com.br\/index.php?rest_route=%2Fwp%2Fv2%2Fcomments&post=225990"}],"version-history":[{"count":1,"href":"https:\/\/diarioregionaldigital.com.br\/index.php?rest_route=\/wp\/v2\/posts\/225990\/revisions"}],"predecessor-version":[{"id":225992,"href":"https:\/\/diarioregionaldigital.com.br\/index.php?rest_route=\/wp\/v2\/posts\/225990\/revisions\/225992"}],"wp:featuredmedia":[{"embeddable":true,"href":"https:\/\/diarioregionaldigital.com.br\/index.php?rest_route=\/wp\/v2\/media\/225991"}],"wp:attachment":[{"href":"https:\/\/diarioregionaldigital.com.br\/index.php?rest_route=%2Fwp%2Fv2%2Fmedia&parent=225990"}],"wp:term":[{"taxonomy":"category","embeddable":true,"href":"https:\/\/diarioregionaldigital.com.br\/index.php?rest_route=%2Fwp%2Fv2%2Fcategories&post=225990"},{"taxonomy":"post_tag","embeddable":true,"href":"https:\/\/diarioregionaldigital.com.br\/index.php?rest_route=%2Fwp%2Fv2%2Ftags&post=225990"}],"curies":[{"name":"wp","href":"https:\/\/api.w.org\/{rel}","templated":true}]}}