{"id":225987,"date":"2024-12-17T20:27:40","date_gmt":"2024-12-17T23:27:40","guid":{"rendered":"https:\/\/diarioregionaldigital.com.br\/?p=225987"},"modified":"2024-12-17T20:27:40","modified_gmt":"2024-12-17T23:27:40","slug":"fifa-the-best-vascaino-menino-gui-vence-premio-de-torcedor-do-ano","status":"publish","type":"post","link":"https:\/\/diarioregionaldigital.com.br\/?p=225987","title":{"rendered":"Fifa The Best: Vasca\u00edno, menino Gui vence pr\u00eamio de torcedor do ano"},"content":{"rendered":"<p>Mais conhecido como Gui, o pequeno cruzmaltino Guilherme Gandra Moura, de 10 anos, \u00e9 o vencedor do pr\u00eamio torcedor do ano do Fifa The Best Awards, anunciado durante cerim\u00f4nia nesta ter\u00e7a-feira (17), em Doha (Catar). O menino, portador de epiderm\u00f3lise bolhosa &#8211; doen\u00e7a gen\u00e9tica rara &#8211; ficou conhecido em junho de 2023, ap\u00f3s aparecer em um v\u00eddeo que viralizou na intenet, ap\u00f3s ser compartilhado pela pr\u00f3pria m\u00e3e. Na ocasi\u00e3o, a nutricionista Tayane Gandra registrou o comovente reencontro com o filho, que acabara de receber alta hospitalar, ap\u00f3s 16 dias internado em coma induzido.<img decoding=\"async\" src=\"https:\/\/agenciabrasil.ebc.com.br\/ebc.png?id=1624081&amp;o=node\" \/><img decoding=\"async\" src=\"https:\/\/agenciabrasil.ebc.com.br\/ebc.gif?id=1624081&amp;o=node\" \/><\/p>\n<p>Gui ficou conhecido nacionalmente ao revelar que era torcedor do Vasco e passou a ser s\u00edmbolo do time carioca. Com as imagens de entrevistas do pequeno carioca, que se comunica de maneira carism\u00e1tica, n\u00e3o demorou para que Gui fosse presenteado por outros clubes brasileiros e at\u00e9 mesmo convidado para visitar times estrangeiros, nos quais foi fotografado ao lado de v\u00e1rios jogadores.\u00a0Um dos craques a receb\u00ea-lo foi Neymar ao lado de Nen\u00ea, jogador do Juventude, em novembro do ano passado. Na \u00e9poca, Neymar se recuperava de uma cirurgia no joelho, no Brasil.<\/p>\n<p><a href=\"https:\/\/x.com\/LulaOficial\/status\/1722032192602140857?ref_src=twsrc%5Etfw%7Ctwcamp%5Etweetembed%7Ctwterm%5E1722032192602140857%7Ctwgr%5E0990bdf5044541b97bdd2599538270a277c963c3%7Ctwcon%5Es1_&amp;ref_url=https%3A%2F%2Fd-27718056671487575041.ampproject.net%2F2410292120000%2Fframe.html\"><strong>Outro encontro marcante de Gui foi com o presidente Lula<\/strong><\/a>, que chegou a publicar um v\u00eddeo nas rede sociais em que aparece contando\u00a0para o menino a respeito da sua amizade com grandes \u00eddolos do Vasco, como Roberto Dinamite, e revelando como\u00a0escolheu o Vasco como time do cora\u00e7\u00e3o.<\/p>\n<p>No final do ano passado, Gui foi uma das crian\u00e7as que entraram em campo com a sele\u00e7\u00e3o brasileira na partida contra a Argentina, no Maracan\u00e3.<\/p>\n<p>Fonte: Ag\u00eancia Brasil<\/p>\n","protected":false},"excerpt":{"rendered":"<p>Mais conhecido como Gui, o pequeno cruzmaltino Guilherme Gandra Moura, de 10 anos, \u00e9 o vencedor do pr\u00eamio torcedor do ano do Fifa The Best Awards, anunciado durante cerim\u00f4nia nesta ter\u00e7a-feira (17), em Doha (Catar). O menino, portador de epiderm\u00f3lise bolhosa &#8211; doen\u00e7a gen\u00e9tica rara &#8211; ficou conhecido em junho de 2023, ap\u00f3s aparecer em [&hellip;]<\/p>\n","protected":false},"author":246,"featured_media":225988,"comment_status":"closed","ping_status":"closed","sticky":false,"template":"","format":"standard","meta":{"footnotes":""},"categories":[436,440,257,439],"tags":[],"class_list":["post-225987","post","type-post","status-publish","format-standard","has-post-thumbnail","hentry","category-destaque-da-semana","category-destaques-do-dia","category-esporte","category-ultima-hora"],"_links":{"self":[{"href":"https:\/\/diarioregionaldigital.com.br\/index.php?rest_route=\/wp\/v2\/posts\/225987","targetHints":{"allow":["GET"]}}],"collection":[{"href":"https:\/\/diarioregionaldigital.com.br\/index.php?rest_route=\/wp\/v2\/posts"}],"about":[{"href":"https:\/\/diarioregionaldigital.com.br\/index.php?rest_route=\/wp\/v2\/types\/post"}],"author":[{"embeddable":true,"href":"https:\/\/diarioregionaldigital.com.br\/index.php?rest_route=\/wp\/v2\/users\/246"}],"replies":[{"embeddable":true,"href":"https:\/\/diarioregionaldigital.com.br\/index.php?rest_route=%2Fwp%2Fv2%2Fcomments&post=225987"}],"version-history":[{"count":1,"href":"https:\/\/diarioregionaldigital.com.br\/index.php?rest_route=\/wp\/v2\/posts\/225987\/revisions"}],"predecessor-version":[{"id":225989,"href":"https:\/\/diarioregionaldigital.com.br\/index.php?rest_route=\/wp\/v2\/posts\/225987\/revisions\/225989"}],"wp:featuredmedia":[{"embeddable":true,"href":"https:\/\/diarioregionaldigital.com.br\/index.php?rest_route=\/wp\/v2\/media\/225988"}],"wp:attachment":[{"href":"https:\/\/diarioregionaldigital.com.br\/index.php?rest_route=%2Fwp%2Fv2%2Fmedia&parent=225987"}],"wp:term":[{"taxonomy":"category","embeddable":true,"href":"https:\/\/diarioregionaldigital.com.br\/index.php?rest_route=%2Fwp%2Fv2%2Fcategories&post=225987"},{"taxonomy":"post_tag","embeddable":true,"href":"https:\/\/diarioregionaldigital.com.br\/index.php?rest_route=%2Fwp%2Fv2%2Ftags&post=225987"}],"curies":[{"name":"wp","href":"https:\/\/api.w.org\/{rel}","templated":true}]}}